{"id":3276,"date":"2019-04-08T09:42:49","date_gmt":"2019-04-08T07:42:49","guid":{"rendered":"http:\/\/www.krajskakniznicazilina.sk\/?p=3276"},"modified":"2019-04-18T16:28:47","modified_gmt":"2019-04-18T14:28:47","slug":"3276","status":"publish","type":"post","link":"https:\/\/www.krajskakniznicazilina.sk\/index.php\/2019\/04\/08\/3276\/","title":{"rendered":"Spolupr\u00e1ca troch kni\u017en\u00edc kraja"},"content":{"rendered":"<p style=\"text-align: justify;\"><a href=\"http:\/\/www.krajskakniznicazilina.sk\/clanky\/2019\/04\/3kniznice.png\"><img decoding=\"async\" class=\"alignleft size-thumbnail\" src=\"http:\/\/www.krajskakniznicazilina.sk\/clanky\/2019\/04\/3kniznice.png\" width=\"40%\" height=\"40%\" \/><\/a>Tri najv\u00e4\u010d\u0161ie kni\u017enice susediacich regi\u00f3nov \u017dilinsk\u00e9ho kraja, Horn\u00e9ho Pova\u017eia a Kys\u00fac sa spojili, aby prin\u00e1\u0161ali svojim pou\u017e\u00edvate\u013eom lep\u0161ie a\u00a0kvalitnej\u0161ie slu\u017eby a\u00a0aby profesion\u00e1lne spojili sily v\u00a0knihovn\u00edckych \u010dinnostiach.<\/p>\n<p style=\"text-align: justify;\">Ako to poc\u00edtia pou\u017e\u00edvatelia kni\u017en\u00edc? V ka\u017edej z\u00a0nich n\u00e1jdu inform\u00e1cie o spriatelen\u00fdch kni\u017eniciach a\u00a0z\u00a0ich webov\u00fdch str\u00e1nok prelinky do lok\u00e1lnych online katal\u00f3gov. Na prezenta\u010dn\u00fdch d\u0148och sa pou\u017e\u00edvatelia Univerzitnej kni\u017enice \u017dU dozvedia o\u00a0pon\u00fakan\u00fdch slu\u017eb\u00e1ch Krajskej kni\u017enice v\u00a0\u017diline a\u00a0Kysuckej kni\u017enice v\u00a0\u010cadci a\u00a0opa\u010dne.\u00a0 Z\u00edskaj\u00fa pr\u00edstup k\u00a0dokumentom vyd\u00e1van\u00fdm v\u0161etk\u00fdmi troma kni\u017enicami. Cez mailov\u00fa adresu dostan\u00fa preh\u013ead slu\u017eieb ka\u017edej z\u00a0t\u00fdchto informa\u010dn\u00fdch a\u00a0kult\u00farnych in\u0161tit\u00faci\u00ed, aby sa mohli rozhodn\u00fa\u0165 pre jej pr\u00edpadn\u00fa n\u00e1v\u0161tevu. A\u00a0nesporne sa im pri vyh\u013ead\u00e1van\u00ed konkr\u00e9tnej knihy oplat\u00ed pozrie\u0165 aj do katal\u00f3gu inej kni\u017enice, preto\u017ee aj pri n\u00e1kupe nov\u00fdch kn\u00edh za\u010dali vz\u00e1jomne spolupracova\u0165. Informa\u010dne prepojen\u00e9 fondy vysoko\u0161kolskej kni\u017enice s\u00a0technickou odbornou literat\u00farou a\u00a0verejn\u00fdch kni\u017en\u00edc s\u00a0dominantnej\u0161ou beletriou a\u00a0humanitne orientovanou odbornou literat\u00farou im ur\u010dite maj\u00fa \u010do pon\u00faknu\u0165.<\/p>\n<p style=\"text-align: justify;\">Tri kni\u017enice s\u00fa tu pre V\u00e1s spolu &#8211; efekt\u00edvnej\u0161ie, adresnej\u0161ie a komplexnej\u0161ie.<\/p>\n<p style=\"text-align: justify;\">\n","protected":false},"excerpt":{"rendered":"<p>Tri najv\u00e4\u010d\u0161ie kni\u017enice susediacich regi\u00f3nov \u017dilinsk\u00e9ho kraja, Horn\u00e9ho Pova\u017eia a Kys\u00fac sa spojili, aby prin\u00e1\u0161ali svojim pou\u017e\u00edvate\u013eom lep\u0161ie a\u00a0kvalitnej\u0161ie slu\u017eby a\u00a0aby profesion\u00e1lne spojili sily v\u00a0knihovn\u00edckych \u010dinnostiach. Ako to poc\u00edtia pou\u017e\u00edvatelia kni\u017en\u00edc? V ka\u017edej z\u00a0nich n\u00e1jdu inform\u00e1cie o spriatelen\u00fdch kni\u017eniciach a\u00a0z\u00a0ich webov\u00fdch str\u00e1nok prelinky do lok\u00e1lnych online katal\u00f3gov. Na prezenta\u010dn\u00fdch d\u0148och sa pou\u017e\u00edvatelia Univerzitnej kni\u017enice \u017dU &#8230; <a title=\"Spolupr\u00e1ca troch kni\u017en\u00edc kraja\" class=\"read-more\" href=\"https:\/\/www.krajskakniznicazilina.sk\/index.php\/2019\/04\/08\/3276\/\" aria-label=\"Pre\u010d\u00edtajte si viac o Spolupr\u00e1ca troch kni\u017en\u00edc kraja\">\u010c\u00edta\u0165 viac<\/a><\/p>\n","protected":false},"author":1,"featured_media":0,"comment_status":"open","ping_status":"open","sticky":false,"template":"","format":"image","meta":{"footnotes":""},"categories":[1,27],"tags":[],"class_list":["post-3276","post","type-post","status-publish","format-image","hentry","category-oznam","category-pozvanka-z-regionov","post_format-post-format-image"],"_links":{"self":[{"href":"https:\/\/www.krajskakniznicazilina.sk\/index.php\/wp-json\/wp\/v2\/posts\/3276","targetHints":{"allow":["GET"]}}],"collection":[{"href":"https:\/\/www.krajskakniznicazilina.sk\/index.php\/wp-json\/wp\/v2\/posts"}],"about":[{"href":"https:\/\/www.krajskakniznicazilina.sk\/index.php\/wp-json\/wp\/v2\/types\/post"}],"author":[{"embeddable":true,"href":"https:\/\/www.krajskakniznicazilina.sk\/index.php\/wp-json\/wp\/v2\/users\/1"}],"replies":[{"embeddable":true,"href":"https:\/\/www.krajskakniznicazilina.sk\/index.php\/wp-json\/wp\/v2\/comments?post=3276"}],"version-history":[{"count":4,"href":"https:\/\/www.krajskakniznicazilina.sk\/index.php\/wp-json\/wp\/v2\/posts\/3276\/revisions"}],"predecessor-version":[{"id":3378,"href":"https:\/\/www.krajskakniznicazilina.sk\/index.php\/wp-json\/wp\/v2\/posts\/3276\/revisions\/3378"}],"wp:attachment":[{"href":"https:\/\/www.krajskakniznicazilina.sk\/index.php\/wp-json\/wp\/v2\/media?parent=3276"}],"wp:term":[{"taxonomy":"category","embeddable":true,"href":"https:\/\/www.krajskakniznicazilina.sk\/index.php\/wp-json\/wp\/v2\/categories?post=3276"},{"taxonomy":"post_tag","embeddable":true,"href":"https:\/\/www.krajskakniznicazilina.sk\/index.php\/wp-json\/wp\/v2\/tags?post=3276"}],"curies":[{"name":"wp","href":"https:\/\/api.w.org\/{rel}","templated":true}]}}