{"id":3325,"date":"2019-04-08T14:44:28","date_gmt":"2019-04-08T12:44:28","guid":{"rendered":"http:\/\/www.krajskakniznicazilina.sk\/?p=3325"},"modified":"2019-04-08T14:44:28","modified_gmt":"2019-04-08T12:44:28","slug":"ja-som-inna-2","status":"publish","type":"post","link":"https:\/\/www.krajskakniznicazilina.sk\/index.php\/2019\/04\/08\/ja-som-inna-2\/","title":{"rendered":"Ja som Inna"},"content":{"rendered":"<p style=\"text-align: justify;\">\u017dilina, 8. 4. 2019<\/p>\n<p style=\"text-align: justify;\"><a href=\"http:\/\/www.krajskakniznicazilina.sk\/clanky\/2019\/04\/DSCN0301.jpg\"><img decoding=\"async\" class=\"alignright size-thumbnail\" src=\"http:\/\/www.krajskakniznicazilina.sk\/clanky\/2019\/04\/DSCN0301.jpg\" width=\"40%\" height=\"40%\" \/><\/a>Crn, crn. Tak zazvonil bicykel vo \u0161tvrtok 4. apr\u00edla o\u00a014:30 v\u00a0Krajskej kni\u017enici v\u00a0\u017diline, organiz\u00e1cii v\u00a0p\u00f4sobnosti \u017dilinsk\u00e9ho samospr\u00e1vneho kraja. Te\u00e1tro Neline pri\u0161lo so svoj\u00edm predstaven\u00edm Ja som Inna, ktor\u00e9 rozpr\u00e1va o\u00a0diev\u010datku, ktor\u00e9 \u017eije v\u00a0detskom domove a\u00a0je ve\u013emi neporiadna. Mal\u00fa Innu adoptuje Gorila, ktor\u00e1 hoci \u017eije na smetisku, je doslova knihomo\u013eka. Inna a\u00a0Gorila si k\u00a0sebe n\u00e1jdu cestu a\u00a0Inna si svoju adopt\u00edvnu mamu ve\u013emi ob\u013e\u00fabi. Zist\u00ed, \u017ee d\u00f4le\u017eitej\u0161ie ako Gorilina chlpat\u00e1 tv\u00e1r je pocit bezpe\u010dia a\u00a0l\u00e1sky, ktor\u00fd inde nena\u0161la.<\/p>\n<p style=\"text-align: justify;\"><a href=\"http:\/\/www.krajskakniznicazilina.sk\/clanky\/2019\/04\/DSCN0293.JPG\"><img decoding=\"async\" class=\"alignleft size-thumbnail\" src=\"http:\/\/www.krajskakniznicazilina.sk\/clanky\/2019\/04\/DSCN0293.JPG\" width=\"40%\" height=\"40%\" \/><\/a>Divadlo o\u00a0odvahe by\u0165 in\u00fd ako ostatn\u00ed nap\u00edsala na mot\u00edvy knihy Fridy Nilsson <em>Gorila a\u00a0ja<\/em> Petronela Du\u0161ov\u00e1 a\u00a0Dorota-Anna Dabek. \u00da\u010dinkovala Petronela Du\u0161ov\u00e1 z\u00a0Te\u00e1tra Neline. Predstavenie v\u00a0kni\u017enici z\u00a0verejn\u00fdch zdrojov podporil Fond na podporu umenia. Na predstaven\u00ed sa z\u00fa\u010dastnilo 53 det\u00ed z\u00a0Cirkevnej z\u00e1kladnej \u0161koly Romualda Zaymusa,\u00a0Z\u00e1kladnej \u0161koly Lichardova a\u00a0deti v\u00a0sprievode rodi\u010dov.<\/p>\n<p style=\"text-align: justify;\">Deti boli ve\u013emi pozorn\u00e9 a\u00a0vedeli poveda\u0165, \u017ee by\u0165 in\u00fd znamen\u00e1 nerobi\u0165 veci ako ostatn\u00ed a\u00a0vyt\u0155\u010da\u0165 z\u00a0davu. Obr\u00e1zok z\u00a0domova bol \u010dierno-biely ale Inna bola farebn\u00e1 a\u00a0t\u00fdm bola odli\u0161n\u00e1. O\u00a0Gorile povedali, \u017ee bola milosrdn\u00e1, svojsk\u00e1, dobr\u00e1, starostliv\u00e1 a\u00a0pracovit\u00e1. Deti otvoren\u00fd koniec pr\u00edbehu doplnili \u0161\u0165astn\u00fdm z\u00e1verom, kde sa Gorila op\u00e4\u0165 stretla s\u00a0Innou na mieste, kde mohli by\u0165 spolu \u0161\u0165astn\u00e9.<\/p>\n<p style=\"text-align: justify;\"><strong>Mgr. Anna Berthotyov\u00e1<\/strong>, koordin\u00e1torka\u00a0 kult\u00farno-v\u00fdchovnej \u010dinnosti<\/p>\n","protected":false},"excerpt":{"rendered":"<p>\u017dilina, 8. 4. 2019 Crn, crn. Tak zazvonil bicykel vo \u0161tvrtok 4. apr\u00edla o\u00a014:30 v\u00a0Krajskej kni\u017enici v\u00a0\u017diline, organiz\u00e1cii v\u00a0p\u00f4sobnosti \u017dilinsk\u00e9ho samospr\u00e1vneho kraja. Te\u00e1tro Neline pri\u0161lo so svoj\u00edm predstaven\u00edm Ja som Inna, ktor\u00e9 rozpr\u00e1va o\u00a0diev\u010datku, ktor\u00e9 \u017eije v\u00a0detskom domove a\u00a0je ve\u013emi neporiadna. Mal\u00fa Innu adoptuje Gorila, ktor\u00e1 hoci \u017eije na smetisku, je doslova knihomo\u013eka. Inna a\u00a0Gorila &#8230; <a title=\"Ja som Inna\" class=\"read-more\" href=\"https:\/\/www.krajskakniznicazilina.sk\/index.php\/2019\/04\/08\/ja-som-inna-2\/\" aria-label=\"Pre\u010d\u00edtajte si viac o Ja som Inna\">\u010c\u00edta\u0165 viac<\/a><\/p>\n","protected":false},"author":1,"featured_media":0,"comment_status":"open","ping_status":"open","sticky":false,"template":"","format":"image","meta":{"footnotes":""},"categories":[19],"tags":[],"class_list":["post-3325","post","type-post","status-publish","format-image","hentry","category-tlacova-sprava","post_format-post-format-image"],"_links":{"self":[{"href":"https:\/\/www.krajskakniznicazilina.sk\/index.php\/wp-json\/wp\/v2\/posts\/3325","targetHints":{"allow":["GET"]}}],"collection":[{"href":"https:\/\/www.krajskakniznicazilina.sk\/index.php\/wp-json\/wp\/v2\/posts"}],"about":[{"href":"https:\/\/www.krajskakniznicazilina.sk\/index.php\/wp-json\/wp\/v2\/types\/post"}],"author":[{"embeddable":true,"href":"https:\/\/www.krajskakniznicazilina.sk\/index.php\/wp-json\/wp\/v2\/users\/1"}],"replies":[{"embeddable":true,"href":"https:\/\/www.krajskakniznicazilina.sk\/index.php\/wp-json\/wp\/v2\/comments?post=3325"}],"version-history":[{"count":2,"href":"https:\/\/www.krajskakniznicazilina.sk\/index.php\/wp-json\/wp\/v2\/posts\/3325\/revisions"}],"predecessor-version":[{"id":3327,"href":"https:\/\/www.krajskakniznicazilina.sk\/index.php\/wp-json\/wp\/v2\/posts\/3325\/revisions\/3327"}],"wp:attachment":[{"href":"https:\/\/www.krajskakniznicazilina.sk\/index.php\/wp-json\/wp\/v2\/media?parent=3325"}],"wp:term":[{"taxonomy":"category","embeddable":true,"href":"https:\/\/www.krajskakniznicazilina.sk\/index.php\/wp-json\/wp\/v2\/categories?post=3325"},{"taxonomy":"post_tag","embeddable":true,"href":"https:\/\/www.krajskakniznicazilina.sk\/index.php\/wp-json\/wp\/v2\/tags?post=3325"}],"curies":[{"name":"wp","href":"https:\/\/api.w.org\/{rel}","templated":true}]}}