{"id":3342,"date":"2019-04-11T08:47:21","date_gmt":"2019-04-11T06:47:21","guid":{"rendered":"http:\/\/www.krajskakniznicazilina.sk\/?p=3342"},"modified":"2019-04-11T11:50:03","modified_gmt":"2019-04-11T09:50:03","slug":"dieta-v-kaluzi-smiechu","status":"publish","type":"post","link":"https:\/\/www.krajskakniznicazilina.sk\/index.php\/2019\/04\/11\/dieta-v-kaluzi-smiechu\/","title":{"rendered":"Die\u0165a v\u00a0kalu\u017ei smiechu"},"content":{"rendered":"<p style=\"text-align: justify;\"><a href=\"http:\/\/www.krajskakniznicazilina.sk\/clanky\/2019\/04\/Die%C5%A5a%20v%20kalu%C5%BEi%20smiechu.jpg\"><img decoding=\"async\" class=\"alignleft size-thumbnail\" src=\"http:\/\/www.krajskakniznicazilina.sk\/clanky\/2019\/04\/Die%C5%A5a%20v%20kalu%C5%BEi%20smiechu.jpg\" width=\"40%\" height=\"40%\" \/><\/a><\/p>\n<p style=\"text-align: justify;\">\u017divot prin\u00e1\u0161a mno\u017estvo situ\u00e1ci\u00ed, ktor\u00e9 s\u00fa na prv\u00fd poh\u013ead &#8211; pre NErodi\u010da be\u017en\u00e9 a jednoduch\u00e9. Ale ke\u010f sa stanete rodi\u010dom, zrazu to pr\u00edde &#8211; zodpovednos\u0165, \u00fanava, hnev, strach, vyhrotenie be\u017en\u00fdch situ\u00e1ci\u00ed a pochybnosti &#8211; Pre\u010do tak ve\u013ea kri\u010d\u00edm a pre\u010do nem\u00e1m viac trpezlivosti? Autorka knihy Olivia: \u010co v\u00e1s o \u017eivote nau\u010d\u00ed iba die\u0165a Zuzana Mih\u00e1lechov\u00e1 sa podel\u00ed so svojimi rodi\u010dovsk\u00fdmi z\u00e1\u017eitkami v stredu <strong>17. apr\u00edla o 17:00<\/strong>.<\/p>\n","protected":false},"excerpt":{"rendered":"<p>\u017divot prin\u00e1\u0161a mno\u017estvo situ\u00e1ci\u00ed, ktor\u00e9 s\u00fa na prv\u00fd poh\u013ead &#8211; pre NErodi\u010da be\u017en\u00e9 a jednoduch\u00e9. Ale ke\u010f sa stanete rodi\u010dom, zrazu to pr\u00edde &#8211; zodpovednos\u0165, \u00fanava, hnev, strach, vyhrotenie be\u017en\u00fdch situ\u00e1ci\u00ed a pochybnosti &#8211; Pre\u010do tak ve\u013ea kri\u010d\u00edm a pre\u010do nem\u00e1m viac trpezlivosti? Autorka knihy Olivia: \u010co v\u00e1s o \u017eivote nau\u010d\u00ed iba die\u0165a Zuzana Mih\u00e1lechov\u00e1 &#8230; <a title=\"Die\u0165a v\u00a0kalu\u017ei smiechu\" class=\"read-more\" href=\"https:\/\/www.krajskakniznicazilina.sk\/index.php\/2019\/04\/11\/dieta-v-kaluzi-smiechu\/\" aria-label=\"Pre\u010d\u00edtajte si viac o Die\u0165a v\u00a0kalu\u017ei smiechu\">\u010c\u00edta\u0165 viac<\/a><\/p>\n","protected":false},"author":1,"featured_media":0,"comment_status":"open","ping_status":"open","sticky":false,"template":"","format":"image","meta":{"footnotes":""},"categories":[24],"tags":[],"class_list":["post-3342","post","type-post","status-publish","format-image","hentry","category-beseda","post_format-post-format-image"],"_links":{"self":[{"href":"https:\/\/www.krajskakniznicazilina.sk\/index.php\/wp-json\/wp\/v2\/posts\/3342","targetHints":{"allow":["GET"]}}],"collection":[{"href":"https:\/\/www.krajskakniznicazilina.sk\/index.php\/wp-json\/wp\/v2\/posts"}],"about":[{"href":"https:\/\/www.krajskakniznicazilina.sk\/index.php\/wp-json\/wp\/v2\/types\/post"}],"author":[{"embeddable":true,"href":"https:\/\/www.krajskakniznicazilina.sk\/index.php\/wp-json\/wp\/v2\/users\/1"}],"replies":[{"embeddable":true,"href":"https:\/\/www.krajskakniznicazilina.sk\/index.php\/wp-json\/wp\/v2\/comments?post=3342"}],"version-history":[{"count":2,"href":"https:\/\/www.krajskakniznicazilina.sk\/index.php\/wp-json\/wp\/v2\/posts\/3342\/revisions"}],"predecessor-version":[{"id":3344,"href":"https:\/\/www.krajskakniznicazilina.sk\/index.php\/wp-json\/wp\/v2\/posts\/3342\/revisions\/3344"}],"wp:attachment":[{"href":"https:\/\/www.krajskakniznicazilina.sk\/index.php\/wp-json\/wp\/v2\/media?parent=3342"}],"wp:term":[{"taxonomy":"category","embeddable":true,"href":"https:\/\/www.krajskakniznicazilina.sk\/index.php\/wp-json\/wp\/v2\/categories?post=3342"},{"taxonomy":"post_tag","embeddable":true,"href":"https:\/\/www.krajskakniznicazilina.sk\/index.php\/wp-json\/wp\/v2\/tags?post=3342"}],"curies":[{"name":"wp","href":"https:\/\/api.w.org\/{rel}","templated":true}]}}