{"id":3384,"date":"2019-04-24T12:06:06","date_gmt":"2019-04-24T10:06:06","guid":{"rendered":"http:\/\/www.krajskakniznicazilina.sk\/?p=3384"},"modified":"2019-04-24T12:06:21","modified_gmt":"2019-04-24T10:06:21","slug":"na-hornom-povazi-zvitazili-monografie","status":"publish","type":"post","link":"https:\/\/www.krajskakniznicazilina.sk\/index.php\/2019\/04\/24\/na-hornom-povazi-zvitazili-monografie\/","title":{"rendered":"Na Hornom Pova\u017e\u00ed zv\u00ed\u0165azili monografie"},"content":{"rendered":"<p style=\"text-align: justify;\"><a href=\"http:\/\/www.krajskakniznicazilina.sk\/clanky\/2019\/04\/khp2018.JPG\"><img decoding=\"async\" class=\"alignright size-thumbnail\" src=\"http:\/\/www.krajskakniznicazilina.sk\/clanky\/2019\/04\/khp2018.JPG\" width=\"50%\" height=\"50%\" \/><\/a>U\u017e po trin\u00e1stykr\u00e1t sa pri pr\u00edle\u017eitosti Svetov\u00e9ho d\u0148a knihy a\u00a0autorsk\u00fdch pr\u00e1v v Krajskej kni\u017enici v\u00a0\u017diline, v in\u0161tit\u00facii v\u00a0zria\u010fovate\u013eskej p\u00f4sobnosti \u017dilinsk\u00e9ho samospr\u00e1vneho kraja uskuto\u010dnilo sl\u00e1vnostn\u00e9 vyhodnotenie \u010ditate\u013eskej s\u00fa\u0165a\u017ee Kniha Horn\u00e9ho Pova\u017eia 2018. Tento rok bolo do s\u00fa\u0165a\u017ee nominovan\u00fdch a\u017e\u00a0 6 monografi\u00ed obc\u00ed.<\/p>\n<p style=\"text-align: justify;\">Titul Kniha Horn\u00e9ho Pova\u017eia 2018 v\u00a0kateg\u00f3rii odborn\u00e1 literat\u00fara z\u00edskala monografia obce<strong>\u00a0Divinka a\u00a0Lalinok<\/strong>, ktor\u00fa zostavili:<strong> Marek Sobola, Jozef Jaro\u0161, Jozef \u0160va\u0148a, Michal Kr\u0161ko. <\/strong>Publik\u00e1cia z\u00edskala 2\u00a0030 hlasov.<\/p>\n<p style=\"text-align: justify;\"><!--more-->Prv\u00fdkr\u00e1t v\u00a0takejto ucelenej vedeckej, historickej a pr\u00edrodovednej forme vych\u00e1dza publik\u00e1cia viacer\u00fdch autorov o obciach Divinka a\u00a0Lalinok. Je doplnen\u00e1 bohat\u00fdm fotografick\u00fdm materi\u00e1lom a ilustr\u00e1ciami Akad. mal. Stanislava Lajdu.<\/p>\n<p style=\"text-align: justify;\">V\u00a0kateg\u00f3rii beletria titul z\u00edskala kniha <strong>Zlat\u00e1 br\u00e1na. <\/strong><strong>Povesti a rozpr\u00e1vky z Horn\u00e9ho Pova\u017eia autora <\/strong><strong>J\u00e1na Moravca <\/strong>s\u00a0po\u010dtom hlasov 467. Kniha obsahuje 21 povest\u00ed a rozpr\u00e1vok z okolia \u017diliny, Rajca a Byt\u010de. V z\u00e1vere publik\u00e1cie je prilo\u017een\u00e1 mapka zachyt\u00e1vaj\u00faca lokality, kde sa pr\u00edbehy odohr\u00e1vaj\u00fa.<\/p>\n<p style=\"text-align: justify;\">Na druhom mieste v\u00a0kateg\u00f3rii odborn\u00e1 literat\u00fara sa umiestnila monografia <strong>Rajeck\u00e1 dolina\u00a0<\/strong>autorov <strong>Franti\u0161ka Kalesn\u00e9ho, Miloslava Smatanu, J\u00e1na Jasenovca a Radom\u00edra Bla\u017eeka <\/strong>s po\u010dtom 177 hlasov a tretie miesto s\u00a0po\u010dtom 135 hlasov z\u00edskala monografia <strong>Predmier. Obec so symbolom mestsk\u00fdch br\u00e1n<\/strong> zostavovate\u013eky <strong>Viery Pra\u017eenicovej. <\/strong><\/p>\n<p style=\"text-align: justify;\">V\u00a0kateg\u00f3rii beletria s\u00a0po\u010dtom hlasov 411 z\u00edskala druh\u00e9 miesto kniha <strong>Pr\u00edbehy z\u00a0prame\u0148a <\/strong>autorky <strong>Katar\u00edny Mikol\u00e1\u0161ovej\u00a0<\/strong>a tretie miesto kniha <strong>Zvero\u0161i <\/strong>s\u00a0po\u010dtom hlasov 91, ktorej autormi s\u00fa<strong> Linda a Peter Dlhopol\u010dekovci.<\/strong><\/p>\n<p style=\"text-align: justify;\">Do s\u00fa\u0165a\u017ee bolo v\u00a0tomto ro\u010dn\u00edku nominovan\u00fdch <strong>67<\/strong> kni\u017en\u00fdch titulov, ktor\u00e9 s\u00fa sp\u00e4t\u00e9 s regi\u00f3nom\u00a0 Horn\u00e9\u00a0 Pova\u017eie t\u00e9mou alebo osobou autora textovej \u010di obrazovej \u010dasti. Do hlasovania sa zapojilo 4 359 hlasuj\u00facich. V kateg\u00f3rii odborn\u00e1 literat\u00fara bolo udelen\u00fdch 2921 hlasov a v kateg\u00f3rii beletria 1438 hlasov.<\/p>\n<p style=\"text-align: justify;\">Na sl\u00e1vnostnom vyhodnoten\u00ed s\u00fa\u0165a\u017ee boli z\u00a0hlasuj\u00facich vy\u017erebovan\u00ed traja v\u00fdhercovia, ktor\u00ed z\u00edskali vecn\u00e9 ceny, predplatn\u00e9 periodika My \u017dilinsk\u00e9 noviny a \u010ditate\u013esk\u00fd preukaz Krajskej kni\u017enice v\u00a0\u017diline na jeden rok.<\/p>\n<p style=\"text-align: justify;\">Autorom v\u00ed\u0165azn\u00fdch kn\u00edh Krajsk\u00e1 kni\u017enica v\u00a0\u017diline pon\u00fakla spolupr\u00e1cu a\u00a0priestor pre prezent\u00e1ciu publik\u00e1ci\u00ed \u0161irokej verejnosti na p\u00f4de kni\u017enice.<\/p>\n<p style=\"text-align: justify;\">Obdoba \u010ditate\u013eskej s\u00fa\u0165a\u017ee prebieha aj v\u00a0ostatn\u00fdch region\u00e1lnych kni\u017eniciach \u017dilinsk\u00e9ho samospr\u00e1vneho kraja. Z v\u00ed\u0165azn\u00fdch publik\u00e1ci\u00ed\u00a0 bude zostaven\u00e1 v\u00fdstava, ktor\u00e1 bude postupne putova\u0165 po v\u0161etk\u00fdch\u00a0 region\u00e1lnych kni\u017eniciach \u017dilinsk\u00e9ho samospr\u00e1vneho kraja.<\/p>\n<p style=\"text-align: justify;\">Mgr. Ivana Jan\u010dulov\u00e1<\/p>\n","protected":false},"excerpt":{"rendered":"<p>U\u017e po trin\u00e1stykr\u00e1t sa pri pr\u00edle\u017eitosti Svetov\u00e9ho d\u0148a knihy a\u00a0autorsk\u00fdch pr\u00e1v v Krajskej kni\u017enici v\u00a0\u017diline, v in\u0161tit\u00facii v\u00a0zria\u010fovate\u013eskej p\u00f4sobnosti \u017dilinsk\u00e9ho samospr\u00e1vneho kraja uskuto\u010dnilo sl\u00e1vnostn\u00e9 vyhodnotenie \u010ditate\u013eskej s\u00fa\u0165a\u017ee Kniha Horn\u00e9ho Pova\u017eia 2018. Tento rok bolo do s\u00fa\u0165a\u017ee nominovan\u00fdch a\u017e\u00a0 6 monografi\u00ed obc\u00ed. Titul Kniha Horn\u00e9ho Pova\u017eia 2018 v\u00a0kateg\u00f3rii odborn\u00e1 literat\u00fara z\u00edskala monografia obce\u00a0Divinka a\u00a0Lalinok, ktor\u00fa zostavili: &#8230; <a title=\"Na Hornom Pova\u017e\u00ed zv\u00ed\u0165azili monografie\" class=\"read-more\" href=\"https:\/\/www.krajskakniznicazilina.sk\/index.php\/2019\/04\/24\/na-hornom-povazi-zvitazili-monografie\/\" aria-label=\"Pre\u010d\u00edtajte si viac o Na Hornom Pova\u017e\u00ed zv\u00ed\u0165azili monografie\">\u010c\u00edta\u0165 viac<\/a><\/p>\n","protected":false},"author":1,"featured_media":0,"comment_status":"open","ping_status":"open","sticky":false,"template":"","format":"image","meta":{"footnotes":""},"categories":[1,19],"tags":[],"class_list":["post-3384","post","type-post","status-publish","format-image","hentry","category-oznam","category-tlacova-sprava","post_format-post-format-image"],"_links":{"self":[{"href":"https:\/\/www.krajskakniznicazilina.sk\/index.php\/wp-json\/wp\/v2\/posts\/3384","targetHints":{"allow":["GET"]}}],"collection":[{"href":"https:\/\/www.krajskakniznicazilina.sk\/index.php\/wp-json\/wp\/v2\/posts"}],"about":[{"href":"https:\/\/www.krajskakniznicazilina.sk\/index.php\/wp-json\/wp\/v2\/types\/post"}],"author":[{"embeddable":true,"href":"https:\/\/www.krajskakniznicazilina.sk\/index.php\/wp-json\/wp\/v2\/users\/1"}],"replies":[{"embeddable":true,"href":"https:\/\/www.krajskakniznicazilina.sk\/index.php\/wp-json\/wp\/v2\/comments?post=3384"}],"version-history":[{"count":6,"href":"https:\/\/www.krajskakniznicazilina.sk\/index.php\/wp-json\/wp\/v2\/posts\/3384\/revisions"}],"predecessor-version":[{"id":3390,"href":"https:\/\/www.krajskakniznicazilina.sk\/index.php\/wp-json\/wp\/v2\/posts\/3384\/revisions\/3390"}],"wp:attachment":[{"href":"https:\/\/www.krajskakniznicazilina.sk\/index.php\/wp-json\/wp\/v2\/media?parent=3384"}],"wp:term":[{"taxonomy":"category","embeddable":true,"href":"https:\/\/www.krajskakniznicazilina.sk\/index.php\/wp-json\/wp\/v2\/categories?post=3384"},{"taxonomy":"post_tag","embeddable":true,"href":"https:\/\/www.krajskakniznicazilina.sk\/index.php\/wp-json\/wp\/v2\/tags?post=3384"}],"curies":[{"name":"wp","href":"https:\/\/api.w.org\/{rel}","templated":true}]}}