{"id":3426,"date":"2019-05-02T13:20:39","date_gmt":"2019-05-02T11:20:39","guid":{"rendered":"http:\/\/www.krajskakniznicazilina.sk\/?p=3426"},"modified":"2019-05-14T15:32:29","modified_gmt":"2019-05-14T13:32:29","slug":"prednasky-pribeh-slovenskej-hymny-a-ked-narod-umieral","status":"publish","type":"post","link":"https:\/\/www.krajskakniznicazilina.sk\/index.php\/2019\/05\/02\/prednasky-pribeh-slovenskej-hymny-a-ked-narod-umieral\/","title":{"rendered":"Predn\u00e1\u0161ky: Pr\u00edbeh slovenskej hymny a Ke\u010f n\u00e1rod umieral"},"content":{"rendered":"<p style=\"text-align: justify;\"><a href=\"http:\/\/www.krajskakniznicazilina.sk\/clanky\/2019\/05\/hymna%20n%C3%A1rod.jpg\"><img decoding=\"async\" class=\"alignright size-thumbnail\" src=\"http:\/\/www.krajskakniznicazilina.sk\/clanky\/2019\/05\/hymna%20n%C3%A1rod.jpg\" width=\"45%\" height=\"45%\" \/><\/a>Dovo\u013eujeme si V\u00e1s pozva\u0165 na vzdel\u00e1vacie predn\u00e1\u0161ky <strong>20. m\u00e1ja 2019<\/strong> v Krajskej kni\u017enici v \u017diline. Predn\u00e1\u0161a\u0165 bude promovan\u00fd historik a riadite\u013e Oravskej kni\u017enice Antona Habov\u0161tiaka v Dolnom Kub\u00edne &#8211; Peter Huba.<\/p>\n<p style=\"text-align: justify;\">Predn\u00e1\u0161ky s\u00fa ur\u010den\u00e9 predov\u0161etk\u00fdm \u0161tudentom stredn\u00fdch \u0161k\u00f4l, s\u00fa v\u0161ak otvoren\u00e9 aj pre verejnos\u0165 (po\u010det miest je obmedzen\u00fd). V pr\u00edpade z\u00e1ujmu v\u00e4\u010d\u0161ieho po\u010dtu \u013eud\u00ed pros\u00edm kontaktujete Bo\u017eenu Sobolov\u00fa na emailovej adrese: <a href=\"mailto:sobolova@krajskakniznicazilina.sk\">sobolova@krajskakniznicazilina.sk<\/a><\/p>\n<h4 style=\"text-align: justify;\"><strong>Pr\u00edbeh slovenskej hymny<\/strong> (9:00 &#8211; 10:00)<\/h4>\n<p style=\"text-align: justify;\">Snahy o prijatie nov\u00e9ho spisovn\u00e9ho jazyka \u013dudov\u00edtom \u0160t\u00farom. Jeho n\u00faten\u00fd odchod z Evanjelick\u00e9ho l\u00fdcea v Bratislave. Reakcia \u0161tudentov na tento \u010din. Vznik hymnickej piesne Nad Tatrou sa bl\u00fdska a jej osudy, vr\u00e1tanie spochybnenia jej autorstva.<\/p>\n<h4 style=\"text-align: justify;\"><strong>Ke\u010f n\u00e1rod umiera<\/strong>\u00a0(10:30 &#8211; 11:30)<\/h4>\n<p style=\"text-align: justify;\">Obraz druhej polovice 19. storo\u010dia. Vyvrcholenie ma\u010fariza\u010dn\u00e9ho tlaku po roku 1867, ke\u010f bola zak\u00e1zan\u00e1 Matica Slovensk\u00e1 a zru\u0161en\u00e9 slovensk\u00e9 gymn\u00e1zi\u00e1. Je to jedno z naj\u0165a\u017e\u0161\u00edch obdob\u00ed v slovensk\u00fdch dejin\u00e1ch. I\u0161lo o existenciu n\u00e1roda.<\/p>\n","protected":false},"excerpt":{"rendered":"<p>Dovo\u013eujeme si V\u00e1s pozva\u0165 na vzdel\u00e1vacie predn\u00e1\u0161ky 20. m\u00e1ja 2019 v Krajskej kni\u017enici v \u017diline. Predn\u00e1\u0161a\u0165 bude promovan\u00fd historik a riadite\u013e Oravskej kni\u017enice Antona Habov\u0161tiaka v Dolnom Kub\u00edne &#8211; Peter Huba. Predn\u00e1\u0161ky s\u00fa ur\u010den\u00e9 predov\u0161etk\u00fdm \u0161tudentom stredn\u00fdch \u0161k\u00f4l, s\u00fa v\u0161ak otvoren\u00e9 aj pre verejnos\u0165 (po\u010det miest je obmedzen\u00fd). V pr\u00edpade z\u00e1ujmu v\u00e4\u010d\u0161ieho po\u010dtu \u013eud\u00ed pros\u00edm &#8230; <a title=\"Predn\u00e1\u0161ky: Pr\u00edbeh slovenskej hymny a Ke\u010f n\u00e1rod umieral\" class=\"read-more\" href=\"https:\/\/www.krajskakniznicazilina.sk\/index.php\/2019\/05\/02\/prednasky-pribeh-slovenskej-hymny-a-ked-narod-umieral\/\" aria-label=\"Pre\u010d\u00edtajte si viac o Predn\u00e1\u0161ky: Pr\u00edbeh slovenskej hymny a Ke\u010f n\u00e1rod umieral\">\u010c\u00edta\u0165 viac<\/a><\/p>\n","protected":false},"author":1,"featured_media":0,"comment_status":"open","ping_status":"open","sticky":false,"template":"","format":"image","meta":{"footnotes":""},"categories":[12],"tags":[],"class_list":["post-3426","post","type-post","status-publish","format-image","hentry","category-podujatie","post_format-post-format-image"],"_links":{"self":[{"href":"https:\/\/www.krajskakniznicazilina.sk\/index.php\/wp-json\/wp\/v2\/posts\/3426","targetHints":{"allow":["GET"]}}],"collection":[{"href":"https:\/\/www.krajskakniznicazilina.sk\/index.php\/wp-json\/wp\/v2\/posts"}],"about":[{"href":"https:\/\/www.krajskakniznicazilina.sk\/index.php\/wp-json\/wp\/v2\/types\/post"}],"author":[{"embeddable":true,"href":"https:\/\/www.krajskakniznicazilina.sk\/index.php\/wp-json\/wp\/v2\/users\/1"}],"replies":[{"embeddable":true,"href":"https:\/\/www.krajskakniznicazilina.sk\/index.php\/wp-json\/wp\/v2\/comments?post=3426"}],"version-history":[{"count":10,"href":"https:\/\/www.krajskakniznicazilina.sk\/index.php\/wp-json\/wp\/v2\/posts\/3426\/revisions"}],"predecessor-version":[{"id":3619,"href":"https:\/\/www.krajskakniznicazilina.sk\/index.php\/wp-json\/wp\/v2\/posts\/3426\/revisions\/3619"}],"wp:attachment":[{"href":"https:\/\/www.krajskakniznicazilina.sk\/index.php\/wp-json\/wp\/v2\/media?parent=3426"}],"wp:term":[{"taxonomy":"category","embeddable":true,"href":"https:\/\/www.krajskakniznicazilina.sk\/index.php\/wp-json\/wp\/v2\/categories?post=3426"},{"taxonomy":"post_tag","embeddable":true,"href":"https:\/\/www.krajskakniznicazilina.sk\/index.php\/wp-json\/wp\/v2\/tags?post=3426"}],"curies":[{"name":"wp","href":"https:\/\/api.w.org\/{rel}","templated":true}]}}