{"id":3434,"date":"2019-05-03T08:43:48","date_gmt":"2019-05-03T06:43:48","guid":{"rendered":"http:\/\/www.krajskakniznicazilina.sk\/?p=3434"},"modified":"2019-05-03T09:55:57","modified_gmt":"2019-05-03T07:55:57","slug":"regionalne-vystavy-maj-2019","status":"publish","type":"post","link":"https:\/\/www.krajskakniznicazilina.sk\/index.php\/2019\/05\/03\/regionalne-vystavy-maj-2019\/","title":{"rendered":"Region\u00e1lne v\u00fdstavy m\u00e1j 2019"},"content":{"rendered":"<h4 style=\"text-align: justify;\"><strong><a href=\"http:\/\/www.krajskakniznicazilina.sk\/clanky\/2019\/05\/tatarka.JPG\"><img decoding=\"async\" class=\"alignleft size-thumbnail\" src=\"http:\/\/www.krajskakniznicazilina.sk\/clanky\/2019\/05\/tatarka.JPG\" width=\"40%\" height=\"40%\" \/><\/a>Dominik Tatarka<\/strong><\/h4>\n<p style=\"text-align: left;\">*\u00a014. marec\u00a01913,\u00a0Plevn\u00edk-Drienov\u00e9<br \/>\n\u2020\u00a010. m\u00e1j\u00a01989,\u00a0Bratislava<\/p>\n<p style=\"text-align: justify;\">V\u00fdstava pri pr\u00edle\u017eitosti 30. v\u00fdro\u010dia \u00famrtia slovensk\u00e9ho\u00a0prozaika,\u00a0esejistu\u00a0a\u00a0publicistu n\u00e1m pribl\u00ed\u017ei jeho \u017eivot a\u00a0tvorbu.<\/p>\n<p>&nbsp;<\/p>\n<h4 style=\"text-align: justify;\"><strong><a href=\"http:\/\/www.krajskakniznicazilina.sk\/clanky\/2019\/05\/stefanik.JPG\"><img decoding=\"async\" class=\"alignright size-thumbnail\" src=\"http:\/\/www.krajskakniznicazilina.sk\/clanky\/2019\/05\/stefanik.JPG\" width=\"40%\" height=\"40%\" \/><\/a>Milan Rastislav \u0160tef\u00e1nik<\/strong><\/h4>\n<p style=\"text-align: left;\">*\u00a021. j\u00fal\u00a01880,\u00a0Ko\u0161arisk\u00e1\u00a0 \u00a0 \u2020\u00a04. m\u00e1j\u00a01919,\u00a0Ivanka pri Dunaji<\/p>\n<p style=\"text-align: justify;\">V\u00fdstava pri pr\u00edle\u017eitosti 100. v\u00fdro\u010dia \u00famrtia slovensk\u00e9ho astron\u00f3ma, fotografa, vojensk\u00e9ho letca, diplomata a politika n\u00e1m pribl\u00ed\u017ei jeho \u017eivot prostredn\u00edctvom\u00a0kni\u017en\u00fdch publik\u00e1ci\u00ed, nach\u00e1dzaj\u00facich sa vo fonde Krajskej kni\u017enice v \u017diline.<\/p>\n<p><a href=\"http:\/\/www.krajskakniznicazilina.sk\/clanky\/2019\/05\/stefanik,%20tatarka.jpg\"><img decoding=\"async\" class=\"size-thumbnail alignleft\" src=\"http:\/\/www.krajskakniznicazilina.sk\/clanky\/2019\/05\/stefanik,%20tatarka.jpg\" width=\"40%\" height=\"40%\" \/><\/a><\/p>\n<p>&nbsp;<\/p>\n<p style=\"text-align: justify;\">V\u00fdstavy pripravil \u00dasek region\u00e1lneho v\u00fdskumu, dokumentov a\u00a0inform\u00e1ci\u00ed a bud\u00fa in\u0161talovan\u00e9 na Oddelen\u00ed beletrie na pr\u00edzem\u00ed kni\u017enice po\u010das mesiaca m\u00e1j 2019.<\/p>\n","protected":false},"excerpt":{"rendered":"<p>Dominik Tatarka *\u00a014. marec\u00a01913,\u00a0Plevn\u00edk-Drienov\u00e9 \u2020\u00a010. m\u00e1j\u00a01989,\u00a0Bratislava V\u00fdstava pri pr\u00edle\u017eitosti 30. v\u00fdro\u010dia \u00famrtia slovensk\u00e9ho\u00a0prozaika,\u00a0esejistu\u00a0a\u00a0publicistu n\u00e1m pribl\u00ed\u017ei jeho \u017eivot a\u00a0tvorbu. &nbsp; Milan Rastislav \u0160tef\u00e1nik *\u00a021. j\u00fal\u00a01880,\u00a0Ko\u0161arisk\u00e1\u00a0 \u00a0 \u2020\u00a04. m\u00e1j\u00a01919,\u00a0Ivanka pri Dunaji V\u00fdstava pri pr\u00edle\u017eitosti 100. v\u00fdro\u010dia \u00famrtia slovensk\u00e9ho astron\u00f3ma, fotografa, vojensk\u00e9ho letca, diplomata a politika n\u00e1m pribl\u00ed\u017ei jeho \u017eivot prostredn\u00edctvom\u00a0kni\u017en\u00fdch publik\u00e1ci\u00ed, nach\u00e1dzaj\u00facich sa vo fonde Krajskej kni\u017enice &#8230; <a title=\"Region\u00e1lne v\u00fdstavy m\u00e1j 2019\" class=\"read-more\" href=\"https:\/\/www.krajskakniznicazilina.sk\/index.php\/2019\/05\/03\/regionalne-vystavy-maj-2019\/\" aria-label=\"Pre\u010d\u00edtajte si viac o Region\u00e1lne v\u00fdstavy m\u00e1j 2019\">\u010c\u00edta\u0165 viac<\/a><\/p>\n","protected":false},"author":1,"featured_media":0,"comment_status":"open","ping_status":"open","sticky":false,"template":"","format":"image","meta":{"footnotes":""},"categories":[15],"tags":[],"class_list":["post-3434","post","type-post","status-publish","format-image","hentry","category-vystava","post_format-post-format-image"],"_links":{"self":[{"href":"https:\/\/www.krajskakniznicazilina.sk\/index.php\/wp-json\/wp\/v2\/posts\/3434","targetHints":{"allow":["GET"]}}],"collection":[{"href":"https:\/\/www.krajskakniznicazilina.sk\/index.php\/wp-json\/wp\/v2\/posts"}],"about":[{"href":"https:\/\/www.krajskakniznicazilina.sk\/index.php\/wp-json\/wp\/v2\/types\/post"}],"author":[{"embeddable":true,"href":"https:\/\/www.krajskakniznicazilina.sk\/index.php\/wp-json\/wp\/v2\/users\/1"}],"replies":[{"embeddable":true,"href":"https:\/\/www.krajskakniznicazilina.sk\/index.php\/wp-json\/wp\/v2\/comments?post=3434"}],"version-history":[{"count":6,"href":"https:\/\/www.krajskakniznicazilina.sk\/index.php\/wp-json\/wp\/v2\/posts\/3434\/revisions"}],"predecessor-version":[{"id":3445,"href":"https:\/\/www.krajskakniznicazilina.sk\/index.php\/wp-json\/wp\/v2\/posts\/3434\/revisions\/3445"}],"wp:attachment":[{"href":"https:\/\/www.krajskakniznicazilina.sk\/index.php\/wp-json\/wp\/v2\/media?parent=3434"}],"wp:term":[{"taxonomy":"category","embeddable":true,"href":"https:\/\/www.krajskakniznicazilina.sk\/index.php\/wp-json\/wp\/v2\/categories?post=3434"},{"taxonomy":"post_tag","embeddable":true,"href":"https:\/\/www.krajskakniznicazilina.sk\/index.php\/wp-json\/wp\/v2\/tags?post=3434"}],"curies":[{"name":"wp","href":"https:\/\/api.w.org\/{rel}","templated":true}]}}