{"id":3562,"date":"2019-05-10T12:39:04","date_gmt":"2019-05-10T10:39:04","guid":{"rendered":"http:\/\/www.krajskakniznicazilina.sk\/?p=3562"},"modified":"2019-10-08T13:06:16","modified_gmt":"2019-10-08T11:06:16","slug":"podnikatelske-utorky-najprv-zjedzte-zabu","status":"publish","type":"post","link":"https:\/\/www.krajskakniznicazilina.sk\/index.php\/2019\/05\/10\/podnikatelske-utorky-najprv-zjedzte-zabu\/","title":{"rendered":"Podnikate\u013esk\u00e9 utorky &#8211; Najprv zjedzte \u017eabu"},"content":{"rendered":"<p style=\"text-align: justify;\"><a href=\"http:\/\/www.krajskakniznicazilina.sk\/clanky\/2019\/05\/najprv%20zjedzte%20%C5%BEabu.jpg\"><img decoding=\"async\" class=\"alignleft size-thumbnail\" src=\"http:\/\/www.krajskakniznicazilina.sk\/clanky\/2019\/05\/najprv%20zjedzte%20%C5%BEabu.jpg\" width=\"45%\" height=\"45%\" \/><\/a>Podnikate\u013esk\u00e9 utorky s\u00fa nov\u00fdm klubom, ktor\u00fd vznik\u00e1 pri Krajskej kni\u017enici v \u017diline. V\u00edtan\u00fd je ka\u017ed\u00fd, koho zauj\u00edmaj\u00fa t\u00e9my podnikania, mana\u017ementu a leadershipu. Poz\u00fdvame V\u00e1s na tretie stretnutie, kde bude t\u00e9mou kniha Najprv zjedzte \u017eabu.<\/p>\n<p style=\"text-align: justify;\">Brian Tracy &#8211; jeden z najpred\u00e1vanej\u0161\u00edch autorov v oblasti rozvoja osobn\u00e9ho potenci\u00e1lu a osobnej v\u00fdkonnosti prenik\u00e1 do podstaty toho, \u010do je nevyhnutn\u00e9 na efekt\u00edvnu organiz\u00e1ciu \u010dasu. Uk\u00e1\u017ee v\u00e1m, ako sa upriami\u0165 na tie najd\u00f4le\u017eitej\u0161ie \u00falohy a zorganizova\u0165 si ka\u017ed\u00fd de\u0148. 21 sp\u00f4sobov, ako presta\u0165 odklada\u0165 povinnosti a stihn\u00fa\u0165 viac za krat\u0161\u00ed \u010das.<\/p>\n<p style=\"text-align: justify;\">V\u00edziou klubu Podnikate\u013esk\u00fdch utorkov je:<\/p>\n<ul>\n<li style=\"text-align: justify;\">predstavenie kvalitn\u00fdch kn\u00edh,<\/li>\n<li style=\"text-align: justify;\">diskusia o hodnotn\u00fdch my\u0161lienkach z vybranej knihy,<\/li>\n<li style=\"text-align: justify;\">zdie\u013eanie aplik\u00e1ci\u00ed my\u0161lienok v na\u0161om biznise, zamestnan\u00ed, \u017eivote.<\/li>\n<\/ul>\n<p>Odpor\u00fa\u010dame si knihu pred stretnut\u00edm pre\u010d\u00edta\u0165. Za\u010diatok stretnutia je<strong> 28.m\u00e1ja o<\/strong> <strong>16:30<\/strong> s trvan\u00edm pribli\u017ene jednu hodinu.<\/p>\n","protected":false},"excerpt":{"rendered":"<p>Podnikate\u013esk\u00e9 utorky s\u00fa nov\u00fdm klubom, ktor\u00fd vznik\u00e1 pri Krajskej kni\u017enici v \u017diline. V\u00edtan\u00fd je ka\u017ed\u00fd, koho zauj\u00edmaj\u00fa t\u00e9my podnikania, mana\u017ementu a leadershipu. Poz\u00fdvame V\u00e1s na tretie stretnutie, kde bude t\u00e9mou kniha Najprv zjedzte \u017eabu. Brian Tracy &#8211; jeden z najpred\u00e1vanej\u0161\u00edch autorov v oblasti rozvoja osobn\u00e9ho potenci\u00e1lu a osobnej v\u00fdkonnosti prenik\u00e1 do podstaty toho, \u010do je &#8230; <a title=\"Podnikate\u013esk\u00e9 utorky &#8211; Najprv zjedzte \u017eabu\" class=\"read-more\" href=\"https:\/\/www.krajskakniznicazilina.sk\/index.php\/2019\/05\/10\/podnikatelske-utorky-najprv-zjedzte-zabu\/\" aria-label=\"Pre\u010d\u00edtajte si viac o Podnikate\u013esk\u00e9 utorky &#8211; Najprv zjedzte \u017eabu\">\u010c\u00edta\u0165 viac<\/a><\/p>\n","protected":false},"author":1,"featured_media":0,"comment_status":"open","ping_status":"open","sticky":false,"template":"","format":"image","meta":{"footnotes":""},"categories":[23,31,12],"tags":[],"class_list":["post-3562","post","type-post","status-publish","format-image","hentry","category-klub","category-podnikatelske-utorky","category-podujatie","post_format-post-format-image"],"_links":{"self":[{"href":"https:\/\/www.krajskakniznicazilina.sk\/index.php\/wp-json\/wp\/v2\/posts\/3562","targetHints":{"allow":["GET"]}}],"collection":[{"href":"https:\/\/www.krajskakniznicazilina.sk\/index.php\/wp-json\/wp\/v2\/posts"}],"about":[{"href":"https:\/\/www.krajskakniznicazilina.sk\/index.php\/wp-json\/wp\/v2\/types\/post"}],"author":[{"embeddable":true,"href":"https:\/\/www.krajskakniznicazilina.sk\/index.php\/wp-json\/wp\/v2\/users\/1"}],"replies":[{"embeddable":true,"href":"https:\/\/www.krajskakniznicazilina.sk\/index.php\/wp-json\/wp\/v2\/comments?post=3562"}],"version-history":[{"count":4,"href":"https:\/\/www.krajskakniznicazilina.sk\/index.php\/wp-json\/wp\/v2\/posts\/3562\/revisions"}],"predecessor-version":[{"id":3568,"href":"https:\/\/www.krajskakniznicazilina.sk\/index.php\/wp-json\/wp\/v2\/posts\/3562\/revisions\/3568"}],"wp:attachment":[{"href":"https:\/\/www.krajskakniznicazilina.sk\/index.php\/wp-json\/wp\/v2\/media?parent=3562"}],"wp:term":[{"taxonomy":"category","embeddable":true,"href":"https:\/\/www.krajskakniznicazilina.sk\/index.php\/wp-json\/wp\/v2\/categories?post=3562"},{"taxonomy":"post_tag","embeddable":true,"href":"https:\/\/www.krajskakniznicazilina.sk\/index.php\/wp-json\/wp\/v2\/tags?post=3562"}],"curies":[{"name":"wp","href":"https:\/\/api.w.org\/{rel}","templated":true}]}}