{"id":3629,"date":"2019-05-20T13:02:15","date_gmt":"2019-05-20T11:02:15","guid":{"rendered":"http:\/\/www.krajskakniznicazilina.sk\/?p=3629"},"modified":"2020-03-19T17:51:24","modified_gmt":"2020-03-19T16:51:24","slug":"vyhodnotenie-sutaze-tvorime-vlastnu-knihu-2018-2019","status":"publish","type":"post","link":"https:\/\/www.krajskakniznicazilina.sk\/index.php\/2019\/05\/20\/vyhodnotenie-sutaze-tvorime-vlastnu-knihu-2018-2019\/","title":{"rendered":"Vyhodnotenie s\u00fa\u0165a\u017ee Tvor\u00edme vlastn\u00fa knihu 2018\/2019"},"content":{"rendered":"<p style=\"text-align: justify;\"><a href=\"http:\/\/www.krajskakniznicazilina.sk\/clanky\/2019\/06\/vTVK.jpg\"><img decoding=\"async\" class=\"alignleft size-thumbnail\" src=\"http:\/\/www.krajskakniznicazilina.sk\/clanky\/2019\/06\/vTVK.jpg\" width=\"45%\" height=\"45%\" \/><\/a><strong>3. j\u00fana 2019<\/strong> od 9:30 sa <strong>v B\u00e1bkovom divadle v \u017diline<\/strong> uskuto\u010dn\u00ed sl\u00e1vnostn\u00e9 vyhl\u00e1senie v\u00fdsledkov s\u00fa\u0165a\u017ee Tvor\u00edme vlastn\u00fa knihu 2018\/2019. Jubilejn\u00fd 20. ro\u010dn\u00edk medzin\u00e1rodnej slovensko-\u010desko-po\u013eskej s\u00fa\u0165a\u017ee mal t\u00e9mu: Putovanie po krajine fant\u00e1zie. Deti mali za \u00falohu vytvori\u0165 knihu s vlastnoru\u010dn\u00fdmi ilustr\u00e1ciami, vytvoren\u00fdmi \u013eubovo\u013enou technikou. Podmienkou bolo aj to, \u017ee kniha nesmie by\u0165 viazan\u00e1 knih\u00e1rom.<br \/>\nS\u00fa\u0165a\u017en\u00e9 pr\u00e1ce boli rozdelen\u00e9 do trochu kateg\u00f3ri\u00ed, z ktor\u00fdch v\u00ed\u0165azn\u00e9 knihy vyberala porota. Vyhl\u00e1senie <strong>n\u00e1rodn\u00e9ho kola<\/strong> sa uskuto\u010dn\u00ed od <strong>9:30<\/strong>, n\u00e1sledne o<strong> 11:00<\/strong> sa bud\u00fa vyhlasova\u0165 aj v\u00fdsledky <strong>medzin\u00e1rodn\u00e9ho kola<\/strong>. S\u00fa\u010das\u0165ou programu bude aj predstavenie Divadla na hojda\u010dke. Te\u0161\u00edme sa na v\u0161etk\u00fdch z\u00fa\u010dastnen\u00fdch.<\/p>\n","protected":false},"excerpt":{"rendered":"<p>3. j\u00fana 2019 od 9:30 sa v B\u00e1bkovom divadle v \u017diline uskuto\u010dn\u00ed sl\u00e1vnostn\u00e9 vyhl\u00e1senie v\u00fdsledkov s\u00fa\u0165a\u017ee Tvor\u00edme vlastn\u00fa knihu 2018\/2019. Jubilejn\u00fd 20. ro\u010dn\u00edk medzin\u00e1rodnej slovensko-\u010desko-po\u013eskej s\u00fa\u0165a\u017ee mal t\u00e9mu: Putovanie po krajine fant\u00e1zie. Deti mali za \u00falohu vytvori\u0165 knihu s vlastnoru\u010dn\u00fdmi ilustr\u00e1ciami, vytvoren\u00fdmi \u013eubovo\u013enou technikou. Podmienkou bolo aj to, \u017ee kniha nesmie by\u0165 viazan\u00e1 knih\u00e1rom. S\u00fa\u0165a\u017en\u00e9 &#8230; <a title=\"Vyhodnotenie s\u00fa\u0165a\u017ee Tvor\u00edme vlastn\u00fa knihu 2018\/2019\" class=\"read-more\" href=\"https:\/\/www.krajskakniznicazilina.sk\/index.php\/2019\/05\/20\/vyhodnotenie-sutaze-tvorime-vlastnu-knihu-2018-2019\/\" aria-label=\"Pre\u010d\u00edtajte si viac o Vyhodnotenie s\u00fa\u0165a\u017ee Tvor\u00edme vlastn\u00fa knihu 2018\/2019\">\u010c\u00edta\u0165 viac<\/a><\/p>\n","protected":false},"author":1,"featured_media":0,"comment_status":"open","ping_status":"open","sticky":false,"template":"","format":"image","meta":{"footnotes":""},"categories":[12,16,43],"tags":[],"class_list":["post-3629","post","type-post","status-publish","format-image","hentry","category-podujatie","category-sutaz","category-tvk","post_format-post-format-image"],"_links":{"self":[{"href":"https:\/\/www.krajskakniznicazilina.sk\/index.php\/wp-json\/wp\/v2\/posts\/3629","targetHints":{"allow":["GET"]}}],"collection":[{"href":"https:\/\/www.krajskakniznicazilina.sk\/index.php\/wp-json\/wp\/v2\/posts"}],"about":[{"href":"https:\/\/www.krajskakniznicazilina.sk\/index.php\/wp-json\/wp\/v2\/types\/post"}],"author":[{"embeddable":true,"href":"https:\/\/www.krajskakniznicazilina.sk\/index.php\/wp-json\/wp\/v2\/users\/1"}],"replies":[{"embeddable":true,"href":"https:\/\/www.krajskakniznicazilina.sk\/index.php\/wp-json\/wp\/v2\/comments?post=3629"}],"version-history":[{"count":5,"href":"https:\/\/www.krajskakniznicazilina.sk\/index.php\/wp-json\/wp\/v2\/posts\/3629\/revisions"}],"predecessor-version":[{"id":3659,"href":"https:\/\/www.krajskakniznicazilina.sk\/index.php\/wp-json\/wp\/v2\/posts\/3629\/revisions\/3659"}],"wp:attachment":[{"href":"https:\/\/www.krajskakniznicazilina.sk\/index.php\/wp-json\/wp\/v2\/media?parent=3629"}],"wp:term":[{"taxonomy":"category","embeddable":true,"href":"https:\/\/www.krajskakniznicazilina.sk\/index.php\/wp-json\/wp\/v2\/categories?post=3629"},{"taxonomy":"post_tag","embeddable":true,"href":"https:\/\/www.krajskakniznicazilina.sk\/index.php\/wp-json\/wp\/v2\/tags?post=3629"}],"curies":[{"name":"wp","href":"https:\/\/api.w.org\/{rel}","templated":true}]}}