{"id":3764,"date":"2019-06-08T07:13:11","date_gmt":"2019-06-08T05:13:11","guid":{"rendered":"http:\/\/www.krajskakniznicazilina.sk\/?p=3764"},"modified":"2019-06-19T10:15:59","modified_gmt":"2019-06-19T08:15:59","slug":"rozmanita-a-nadherna-zapadna-cina","status":"publish","type":"post","link":"https:\/\/www.krajskakniznicazilina.sk\/index.php\/2019\/06\/08\/rozmanita-a-nadherna-zapadna-cina\/","title":{"rendered":"Rozmanit\u00e1 a n\u00e1dhern\u00e1 Z\u00e1padn\u00e1 \u010cina"},"content":{"rendered":"<p style=\"text-align: justify;\"><a href=\"http:\/\/www.krajskakniznicazilina.sk\/clanky\/2019\/06\/r%20zapadna%20cina.jpg\"><img decoding=\"async\" class=\"alignleft size-thumbnail\" src=\"http:\/\/www.krajskakniznicazilina.sk\/clanky\/2019\/06\/r%20zapadna%20cina.jpg\" width=\"45%\" height=\"45%\" \/><\/a><\/p>\n<p style=\"text-align: justify;\">Beseda spojen\u00e1 s\u00a0otvoren\u00edm v\u00fdstavy fotografi\u00ed Petra \u010caplick\u00e9ho o rozmanitej a n\u00e1dhernej Z\u00e1padnej \u010c\u00edne. In\u0161pir\u00e1cie s\u00e1m fotograf nach\u00e1dza po\u010das svojich pobytov v \u010c\u00edne. Poz\u00fdvame V\u00e1s v pondelok <strong>17. j\u00fana o\u00a016:30<\/strong> do Krajskej kni\u017enice v\u00a0\u017diline. V\u00fdstava Petra \u010caplick\u00e9ho bude spr\u00edstupnen\u00e1 v Krajskej kni\u017enici v \u017diline po\u010das otv\u00e1rac\u00edch hod\u00edn.<\/p>\n","protected":false},"excerpt":{"rendered":"<p>Beseda spojen\u00e1 s\u00a0otvoren\u00edm v\u00fdstavy fotografi\u00ed Petra \u010caplick\u00e9ho o rozmanitej a n\u00e1dhernej Z\u00e1padnej \u010c\u00edne. In\u0161pir\u00e1cie s\u00e1m fotograf nach\u00e1dza po\u010das svojich pobytov v \u010c\u00edne. Poz\u00fdvame V\u00e1s v pondelok 17. j\u00fana o\u00a016:30 do Krajskej kni\u017enice v\u00a0\u017diline. V\u00fdstava Petra \u010caplick\u00e9ho bude spr\u00edstupnen\u00e1 v Krajskej kni\u017enici v \u017diline po\u010das otv\u00e1rac\u00edch hod\u00edn.<\/p>\n","protected":false},"author":1,"featured_media":0,"comment_status":"open","ping_status":"open","sticky":false,"template":"","format":"image","meta":{"footnotes":""},"categories":[28,15],"tags":[],"class_list":["post-3764","post","type-post","status-publish","format-image","hentry","category-vernisaz","category-vystava","post_format-post-format-image"],"_links":{"self":[{"href":"https:\/\/www.krajskakniznicazilina.sk\/index.php\/wp-json\/wp\/v2\/posts\/3764","targetHints":{"allow":["GET"]}}],"collection":[{"href":"https:\/\/www.krajskakniznicazilina.sk\/index.php\/wp-json\/wp\/v2\/posts"}],"about":[{"href":"https:\/\/www.krajskakniznicazilina.sk\/index.php\/wp-json\/wp\/v2\/types\/post"}],"author":[{"embeddable":true,"href":"https:\/\/www.krajskakniznicazilina.sk\/index.php\/wp-json\/wp\/v2\/users\/1"}],"replies":[{"embeddable":true,"href":"https:\/\/www.krajskakniznicazilina.sk\/index.php\/wp-json\/wp\/v2\/comments?post=3764"}],"version-history":[{"count":4,"href":"https:\/\/www.krajskakniznicazilina.sk\/index.php\/wp-json\/wp\/v2\/posts\/3764\/revisions"}],"predecessor-version":[{"id":3917,"href":"https:\/\/www.krajskakniznicazilina.sk\/index.php\/wp-json\/wp\/v2\/posts\/3764\/revisions\/3917"}],"wp:attachment":[{"href":"https:\/\/www.krajskakniznicazilina.sk\/index.php\/wp-json\/wp\/v2\/media?parent=3764"}],"wp:term":[{"taxonomy":"category","embeddable":true,"href":"https:\/\/www.krajskakniznicazilina.sk\/index.php\/wp-json\/wp\/v2\/categories?post=3764"},{"taxonomy":"post_tag","embeddable":true,"href":"https:\/\/www.krajskakniznicazilina.sk\/index.php\/wp-json\/wp\/v2\/tags?post=3764"}],"curies":[{"name":"wp","href":"https:\/\/api.w.org\/{rel}","templated":true}]}}