{"id":3768,"date":"2019-06-10T07:24:52","date_gmt":"2019-06-10T05:24:52","guid":{"rendered":"http:\/\/www.krajskakniznicazilina.sk\/?p=3768"},"modified":"2019-06-06T14:07:34","modified_gmt":"2019-06-06T12:07:34","slug":"vystava-matematickej-fotografie","status":"publish","type":"post","link":"https:\/\/www.krajskakniznicazilina.sk\/index.php\/2019\/06\/10\/vystava-matematickej-fotografie\/","title":{"rendered":"V\u00fdstava matematickej fotografie"},"content":{"rendered":"<p style=\"text-align: justify;\"><a href=\"http:\/\/www.krajskakniznicazilina.sk\/clanky\/2019\/06\/matematick%C3%A1%20foto.jpg\"><img decoding=\"async\" class=\"alignright size-thumbnail\" src=\"http:\/\/www.krajskakniznicazilina.sk\/clanky\/2019\/06\/matematick%C3%A1%20foto.jpg\" width=\"45%\" height=\"45%\" \/><\/a><\/p>\n<p style=\"text-align: justify;\">V\u00fdstava najlep\u0161\u00edch pr\u00e1c z miestneho kola s\u00fa\u0165a\u017ee Matematickej fotografie. Ide o 5. ro\u010dn\u00edk v\u00fdstavy umeleckej fotografie s matematick\u00fdm mot\u00edvom, ktor\u00fa ka\u017edoro\u010dne organizuje \u0161panielska sekcia pri bilingv\u00e1lnom Gymn\u00e1ziu\u00a0 v \u017diline. V\u00fdstavu si m\u00f4\u017eete pozrie\u0165 na pr\u00edzem\u00ed v\u00a0Krajskej kni\u017enici v\u00a0\u017diline konca j\u00fana.<\/p>\n","protected":false},"excerpt":{"rendered":"<p>V\u00fdstava najlep\u0161\u00edch pr\u00e1c z miestneho kola s\u00fa\u0165a\u017ee Matematickej fotografie. Ide o 5. ro\u010dn\u00edk v\u00fdstavy umeleckej fotografie s matematick\u00fdm mot\u00edvom, ktor\u00fa ka\u017edoro\u010dne organizuje \u0161panielska sekcia pri bilingv\u00e1lnom Gymn\u00e1ziu\u00a0 v \u017diline. V\u00fdstavu si m\u00f4\u017eete pozrie\u0165 na pr\u00edzem\u00ed v\u00a0Krajskej kni\u017enici v\u00a0\u017diline konca j\u00fana.<\/p>\n","protected":false},"author":1,"featured_media":0,"comment_status":"open","ping_status":"open","sticky":false,"template":"","format":"image","meta":{"footnotes":""},"categories":[15],"tags":[],"class_list":["post-3768","post","type-post","status-publish","format-image","hentry","category-vystava","post_format-post-format-image"],"_links":{"self":[{"href":"https:\/\/www.krajskakniznicazilina.sk\/index.php\/wp-json\/wp\/v2\/posts\/3768","targetHints":{"allow":["GET"]}}],"collection":[{"href":"https:\/\/www.krajskakniznicazilina.sk\/index.php\/wp-json\/wp\/v2\/posts"}],"about":[{"href":"https:\/\/www.krajskakniznicazilina.sk\/index.php\/wp-json\/wp\/v2\/types\/post"}],"author":[{"embeddable":true,"href":"https:\/\/www.krajskakniznicazilina.sk\/index.php\/wp-json\/wp\/v2\/users\/1"}],"replies":[{"embeddable":true,"href":"https:\/\/www.krajskakniznicazilina.sk\/index.php\/wp-json\/wp\/v2\/comments?post=3768"}],"version-history":[{"count":2,"href":"https:\/\/www.krajskakniznicazilina.sk\/index.php\/wp-json\/wp\/v2\/posts\/3768\/revisions"}],"predecessor-version":[{"id":3770,"href":"https:\/\/www.krajskakniznicazilina.sk\/index.php\/wp-json\/wp\/v2\/posts\/3768\/revisions\/3770"}],"wp:attachment":[{"href":"https:\/\/www.krajskakniznicazilina.sk\/index.php\/wp-json\/wp\/v2\/media?parent=3768"}],"wp:term":[{"taxonomy":"category","embeddable":true,"href":"https:\/\/www.krajskakniznicazilina.sk\/index.php\/wp-json\/wp\/v2\/categories?post=3768"},{"taxonomy":"post_tag","embeddable":true,"href":"https:\/\/www.krajskakniznicazilina.sk\/index.php\/wp-json\/wp\/v2\/tags?post=3768"}],"curies":[{"name":"wp","href":"https:\/\/api.w.org\/{rel}","templated":true}]}}