{"id":3797,"date":"2019-06-11T11:33:23","date_gmt":"2019-06-11T09:33:23","guid":{"rendered":"http:\/\/www.krajskakniznicazilina.sk\/?p=3797"},"modified":"2019-06-11T11:34:08","modified_gmt":"2019-06-11T09:34:08","slug":"cele-slovensko-cita-detom-2","status":"publish","type":"post","link":"https:\/\/www.krajskakniznicazilina.sk\/index.php\/2019\/06\/11\/cele-slovensko-cita-detom-2\/","title":{"rendered":"Cel\u00e9 Slovensko \u010d\u00edta de\u0165om"},"content":{"rendered":"<p style=\"text-align: justify;\">\u017dilina, 6. j\u00fana<\/p>\n<p style=\"text-align: justify;\"><a href=\"http:\/\/www.krajskakniznicazilina.sk\/clanky\/2019\/06\/cs%C4%8Dd19.jpg\"><img decoding=\"async\" class=\"alignright size-thumbnail\" src=\"http:\/\/www.krajskakniznicazilina.sk\/clanky\/2019\/06\/cs%C4%8Dd19.jpg\" width=\"45%\" height=\"45%\" \/><\/a>\u201e<em>Po\u010f, budem ti \u010d\u00edta\u0165!<\/em>\u201c tak\u00e9 je heslo celon\u00e1rodn\u00e9ho podujatia Cel\u00e9 Slovensko \u010d\u00edta de\u0165om, do ktor\u00e9ho sa zapojila \u00a0aj Krajsk\u00e1 kni\u017enica v\u00a0\u017diline &#8211; in\u0161tit\u00facia v\u00a0zria\u010fovate\u013eskej p\u00f4sobnosti \u017dilinsk\u00e9ho samospr\u00e1vneho kraja.<\/p>\n<p style=\"text-align: justify;\">D\u0148a 5. 6. 2019 sa v\u00a0OC Aupark \u017dilina \u017eiaci zo \u017eilinsk\u00fdch z\u00e1kladn\u00fdch \u0161k\u00f4l stretli so Zuzanou Burianovou (choreografkou, tane\u010dnou pedagogi\u010dkou), \u00a0aby si spolo\u010dne pre\u010d\u00edtali zauj\u00edmav\u00fa knihu Pr\u00e1zdniny s\u00a0hunc\u00fatom od Jaroslavy Kuchtovej. Cel\u00e9 podujatie bolo sprev\u00e1dzan\u00e9 hudobn\u00fdm doprovodom pedag\u00f3ga a\u00a0skladate\u013ea Petra Va\u0148ou\u010dka.<\/p>\n<p style=\"text-align: justify;\"><!--more-->N\u00e1\u0161 hos\u0165, Zuzana Burianov\u00e1, nielen \u010d\u00edtala, ale aj spievala, skladala b\u00e1sni\u010dku, a\u00a0taktie\u017e jej deti prezradili, ak\u00e9 s\u00fa ich ob\u013e\u00faben\u00e9 knihy.<\/p>\n<p style=\"text-align: justify;\">Mil\u00fdm prekvapen\u00edm boli ps\u00edkovia z neziskovej organiz\u00e1cie Zmysel \u017eivota, ktor\u00ed n\u00e1m spolu so svojou cvi\u010dite\u013ekou Martinou Michalcovou predviedli r\u00f4zne triky.<\/p>\n<p style=\"text-align: justify;\">Deti odch\u00e1dzali spokojn\u00e9, pln\u00e9 dojmov, z\u00e1\u017eitkov, a\u00a0preto ver\u00edme, \u017ee sme naplnili hlavn\u00fd cie\u013e projektu: vzbudi\u0165 u det\u00ed z\u00e1ujem o knihy, \u010d\u00edtanie, a\u00a0tak podpori\u0165 ich emocion\u00e1lne, psychick\u00e9 a\u00a0mor\u00e1lne zdravie.<\/p>\n<p style=\"text-align: justify;\"><strong>Mgr. Jaroslava R\u00e1cov\u00e1<\/strong>, knihovn\u00ed\u010dka<\/p>\n","protected":false},"excerpt":{"rendered":"<p>\u017dilina, 6. j\u00fana \u201ePo\u010f, budem ti \u010d\u00edta\u0165!\u201c tak\u00e9 je heslo celon\u00e1rodn\u00e9ho podujatia Cel\u00e9 Slovensko \u010d\u00edta de\u0165om, do ktor\u00e9ho sa zapojila \u00a0aj Krajsk\u00e1 kni\u017enica v\u00a0\u017diline &#8211; in\u0161tit\u00facia v\u00a0zria\u010fovate\u013eskej p\u00f4sobnosti \u017dilinsk\u00e9ho samospr\u00e1vneho kraja. D\u0148a 5. 6. 2019 sa v\u00a0OC Aupark \u017dilina \u017eiaci zo \u017eilinsk\u00fdch z\u00e1kladn\u00fdch \u0161k\u00f4l stretli so Zuzanou Burianovou (choreografkou, tane\u010dnou pedagogi\u010dkou), \u00a0aby si spolo\u010dne pre\u010d\u00edtali &#8230; <a title=\"Cel\u00e9 Slovensko \u010d\u00edta de\u0165om\" class=\"read-more\" href=\"https:\/\/www.krajskakniznicazilina.sk\/index.php\/2019\/06\/11\/cele-slovensko-cita-detom-2\/\" aria-label=\"Pre\u010d\u00edtajte si viac o Cel\u00e9 Slovensko \u010d\u00edta de\u0165om\">\u010c\u00edta\u0165 viac<\/a><\/p>\n","protected":false},"author":1,"featured_media":0,"comment_status":"open","ping_status":"open","sticky":false,"template":"","format":"image","meta":{"footnotes":""},"categories":[19],"tags":[],"class_list":["post-3797","post","type-post","status-publish","format-image","hentry","category-tlacova-sprava","post_format-post-format-image"],"_links":{"self":[{"href":"https:\/\/www.krajskakniznicazilina.sk\/index.php\/wp-json\/wp\/v2\/posts\/3797","targetHints":{"allow":["GET"]}}],"collection":[{"href":"https:\/\/www.krajskakniznicazilina.sk\/index.php\/wp-json\/wp\/v2\/posts"}],"about":[{"href":"https:\/\/www.krajskakniznicazilina.sk\/index.php\/wp-json\/wp\/v2\/types\/post"}],"author":[{"embeddable":true,"href":"https:\/\/www.krajskakniznicazilina.sk\/index.php\/wp-json\/wp\/v2\/users\/1"}],"replies":[{"embeddable":true,"href":"https:\/\/www.krajskakniznicazilina.sk\/index.php\/wp-json\/wp\/v2\/comments?post=3797"}],"version-history":[{"count":3,"href":"https:\/\/www.krajskakniznicazilina.sk\/index.php\/wp-json\/wp\/v2\/posts\/3797\/revisions"}],"predecessor-version":[{"id":3800,"href":"https:\/\/www.krajskakniznicazilina.sk\/index.php\/wp-json\/wp\/v2\/posts\/3797\/revisions\/3800"}],"wp:attachment":[{"href":"https:\/\/www.krajskakniznicazilina.sk\/index.php\/wp-json\/wp\/v2\/media?parent=3797"}],"wp:term":[{"taxonomy":"category","embeddable":true,"href":"https:\/\/www.krajskakniznicazilina.sk\/index.php\/wp-json\/wp\/v2\/categories?post=3797"},{"taxonomy":"post_tag","embeddable":true,"href":"https:\/\/www.krajskakniznicazilina.sk\/index.php\/wp-json\/wp\/v2\/tags?post=3797"}],"curies":[{"name":"wp","href":"https:\/\/api.w.org\/{rel}","templated":true}]}}