{"id":4006,"date":"2019-07-03T07:39:15","date_gmt":"2019-07-03T05:39:15","guid":{"rendered":"https:\/\/www.krajskakniznicazilina.sk\/?p=4006"},"modified":"2019-07-03T07:39:15","modified_gmt":"2019-07-03T05:39:15","slug":"detske-leto-v-kniznici-2-tyzden","status":"publish","type":"post","link":"https:\/\/www.krajskakniznicazilina.sk\/index.php\/2019\/07\/03\/detske-leto-v-kniznici-2-tyzden\/","title":{"rendered":"Detsk\u00e9 leto v kni\u017enici &#8211; 2. t\u00fd\u017ede\u0148"},"content":{"rendered":"<p style=\"text-align: justify;\"><strong><a href=\"https:\/\/www.krajskakniznicazilina.sk\/clanky\/2019\/07\/2tyzden.jpg\"><img decoding=\"async\" class=\"size-thumbnail alignleft\" src=\"https:\/\/www.krajskakniznicazilina.sk\/clanky\/2019\/07\/2tyzden.jpg\" width=\"45%\" height=\"45%\" \/><\/a>Piknik v\u00a0parku<\/strong><\/p>\n<p style=\"text-align: justify;\">Pre na\u0161ich mal\u00fdch \u010ditate\u013eov 1+ si priprav\u00edme na druh\u00fd t\u00fd\u017ede\u0148 letn\u00fdch pr\u00e1zdnin podujatie na t\u00e9mu rozpr\u00e1vka. Pre\u010d\u00edtame si kni\u017eku Hlbokomorsk\u00e9 rozpr\u00e1vky a vyrob\u00edme si aj rybku z papiera. \u00a0Stretneme sa v utorok\u00a0 <strong>9.j\u00fala o 9:30<\/strong> v parku za Krajskou kni\u017enicou v \u017diline. V pr\u00edpade nepriazniv\u00e9ho po\u010dasia sa stretneme v na\u0161om novom detskom k\u00fatiku na detskom oddelen\u00ed.<\/p>\n<p style=\"text-align: justify;\"><strong>Pre\u010d\u00edtan\u00e9 leto<\/strong><\/p>\n<p style=\"text-align: justify;\">Aj tento rok sme sa zapojili do pre\u010d\u00edtan\u00e9ho leta. Projekt pozost\u00e1va z\u00a0 deviatich t\u00e9m na dev\u00e4\u0165 t\u00fd\u017ed\u0148ov po\u010das letn\u00fdch pr\u00e1zdnin. Ku ka\u017edej t\u00e9me je pripraven\u00fd v\u00fdber kn\u00edh pre deti od 5 rokov. V druhom t\u00fd\u017edni leta si pre na\u0161ich \u010ditate\u013eov\u00a0 priprav\u00edme podujatie na t\u00e9mu o\u00a0\u010dokol\u00e1de a\u00a0z\u00fabkoch. Priprav\u00edme si\u00a0 r\u00f4zne tvoriv\u00e9 aktivity, hry a z\u00e1\u017eitkov\u00e9 \u010d\u00edtanie. Te\u0161\u00edme sa na v\u00e1s v Krajskej kni\u017enici v \u017diline <strong>10.j\u00fala o 13:00<\/strong>.<\/p>\n<p style=\"text-align: justify;\"><strong>Tvoriv\u00e9 dielne \u2013 mal\u00fd vedec<\/strong><\/p>\n<p style=\"text-align: justify;\">Vo \u0161tvrtok <strong>11.j\u00fala o\u00a010:30<\/strong>\u00a0sa nau\u010d\u00edme nie\u010do o z\u00e1konoch fyziky. Spolu s kni\u017eni\u010dn\u00fdmi vedcami si uk\u00e1\u017eeme mal\u00e9 vedeck\u00e9 pokusy. Tvoriv\u00e9 dielne s\u00fa pre deti aj dospel\u00fdch. Deti, ktor\u00e9 sa bud\u00fa chcie\u0165 z\u00fa\u010dastni\u0165 podujatia, len v sprievode z\u00e1konn\u00e9ho z\u00e1stupcu.<\/p>\n","protected":false},"excerpt":{"rendered":"<p>Piknik v\u00a0parku Pre na\u0161ich mal\u00fdch \u010ditate\u013eov 1+ si priprav\u00edme na druh\u00fd t\u00fd\u017ede\u0148 letn\u00fdch pr\u00e1zdnin podujatie na t\u00e9mu rozpr\u00e1vka. Pre\u010d\u00edtame si kni\u017eku Hlbokomorsk\u00e9 rozpr\u00e1vky a vyrob\u00edme si aj rybku z papiera. \u00a0Stretneme sa v utorok\u00a0 9.j\u00fala o 9:30 v parku za Krajskou kni\u017enicou v \u017diline. V pr\u00edpade nepriazniv\u00e9ho po\u010dasia sa stretneme v na\u0161om novom detskom k\u00fatiku &#8230; <a title=\"Detsk\u00e9 leto v kni\u017enici &#8211; 2. t\u00fd\u017ede\u0148\" class=\"read-more\" href=\"https:\/\/www.krajskakniznicazilina.sk\/index.php\/2019\/07\/03\/detske-leto-v-kniznici-2-tyzden\/\" aria-label=\"Pre\u010d\u00edtajte si viac o Detsk\u00e9 leto v kni\u017enici &#8211; 2. t\u00fd\u017ede\u0148\">\u010c\u00edta\u0165 viac<\/a><\/p>\n","protected":false},"author":1,"featured_media":0,"comment_status":"open","ping_status":"open","sticky":false,"template":"","format":"image","meta":{"footnotes":""},"categories":[30,12],"tags":[],"class_list":["post-4006","post","type-post","status-publish","format-image","hentry","category-detske-leto","category-podujatie","post_format-post-format-image"],"_links":{"self":[{"href":"https:\/\/www.krajskakniznicazilina.sk\/index.php\/wp-json\/wp\/v2\/posts\/4006","targetHints":{"allow":["GET"]}}],"collection":[{"href":"https:\/\/www.krajskakniznicazilina.sk\/index.php\/wp-json\/wp\/v2\/posts"}],"about":[{"href":"https:\/\/www.krajskakniznicazilina.sk\/index.php\/wp-json\/wp\/v2\/types\/post"}],"author":[{"embeddable":true,"href":"https:\/\/www.krajskakniznicazilina.sk\/index.php\/wp-json\/wp\/v2\/users\/1"}],"replies":[{"embeddable":true,"href":"https:\/\/www.krajskakniznicazilina.sk\/index.php\/wp-json\/wp\/v2\/comments?post=4006"}],"version-history":[{"count":4,"href":"https:\/\/www.krajskakniznicazilina.sk\/index.php\/wp-json\/wp\/v2\/posts\/4006\/revisions"}],"predecessor-version":[{"id":4013,"href":"https:\/\/www.krajskakniznicazilina.sk\/index.php\/wp-json\/wp\/v2\/posts\/4006\/revisions\/4013"}],"wp:attachment":[{"href":"https:\/\/www.krajskakniznicazilina.sk\/index.php\/wp-json\/wp\/v2\/media?parent=4006"}],"wp:term":[{"taxonomy":"category","embeddable":true,"href":"https:\/\/www.krajskakniznicazilina.sk\/index.php\/wp-json\/wp\/v2\/categories?post=4006"},{"taxonomy":"post_tag","embeddable":true,"href":"https:\/\/www.krajskakniznicazilina.sk\/index.php\/wp-json\/wp\/v2\/tags?post=4006"}],"curies":[{"name":"wp","href":"https:\/\/api.w.org\/{rel}","templated":true}]}}