{"id":4060,"date":"2019-07-24T12:42:25","date_gmt":"2019-07-24T10:42:25","guid":{"rendered":"https:\/\/www.krajskakniznicazilina.sk\/?p=4060"},"modified":"2019-07-09T12:43:45","modified_gmt":"2019-07-09T10:43:45","slug":"pracovita-vcela","status":"publish","type":"post","link":"https:\/\/www.krajskakniznicazilina.sk\/index.php\/2019\/07\/24\/pracovita-vcela\/","title":{"rendered":"Pracovit\u00e1 v\u010dela"},"content":{"rendered":"<p style=\"text-align: justify;\"><a href=\"https:\/\/www.krajskakniznicazilina.sk\/clanky\/2019\/08\/pracovit%C3%A1%20v%C4%8Dela.jpg\"><img decoding=\"async\" class=\"alignright size-thumbnail\" src=\"https:\/\/www.krajskakniznicazilina.sk\/clanky\/2019\/08\/pracovit%C3%A1%20v%C4%8Dela.jpg\" width=\"45%\" height=\"45%\" \/><\/a><\/p>\n<p style=\"text-align: justify;\">V piatok <strong>2. augusta o 14:00<\/strong> si pre v\u00e1s Univerzita tretieho veku spolu s v\u010del\u00e1rom Miroslavom Nov\u00e1kom pripravila podujatie s n\u00e1zvom Pracovit\u00e1 v\u010dela. Povieme si z\u00e1kladn\u00e9 veci o v\u010del\u00e1ch o ich produktoch o samot\u00e1rsk\u00fdch v\u010del\u00e1ch a v pozorovacom \u00fali si m\u00f4\u017ee ka\u017ed\u00fd popozera\u0165 aj \u017eiv\u00e9 v\u010dely. S\u00fa\u010das\u0165ou tohto stretnutia bude aj laick\u00e1 degust\u00e1cia medov s vyhodnoten\u00edm a s odmenou pre vylosovan\u00fdch. V\u00edtan\u00ed s\u00fa v\u0161etci deti aj dospel\u00ed.<\/p>\n","protected":false},"excerpt":{"rendered":"<p>V piatok 2. augusta o 14:00 si pre v\u00e1s Univerzita tretieho veku spolu s v\u010del\u00e1rom Miroslavom Nov\u00e1kom pripravila podujatie s n\u00e1zvom Pracovit\u00e1 v\u010dela. Povieme si z\u00e1kladn\u00e9 veci o v\u010del\u00e1ch o ich produktoch o samot\u00e1rsk\u00fdch v\u010del\u00e1ch a v pozorovacom \u00fali si m\u00f4\u017ee ka\u017ed\u00fd popozera\u0165 aj \u017eiv\u00e9 v\u010dely. S\u00fa\u010das\u0165ou tohto stretnutia bude aj laick\u00e1 degust\u00e1cia medov s &#8230; <a title=\"Pracovit\u00e1 v\u010dela\" class=\"read-more\" href=\"https:\/\/www.krajskakniznicazilina.sk\/index.php\/2019\/07\/24\/pracovita-vcela\/\" aria-label=\"Pre\u010d\u00edtajte si viac o Pracovit\u00e1 v\u010dela\">\u010c\u00edta\u0165 viac<\/a><\/p>\n","protected":false},"author":1,"featured_media":0,"comment_status":"open","ping_status":"open","sticky":false,"template":"","format":"image","meta":{"footnotes":""},"categories":[30,12],"tags":[],"class_list":["post-4060","post","type-post","status-publish","format-image","hentry","category-detske-leto","category-podujatie","post_format-post-format-image"],"_links":{"self":[{"href":"https:\/\/www.krajskakniznicazilina.sk\/index.php\/wp-json\/wp\/v2\/posts\/4060","targetHints":{"allow":["GET"]}}],"collection":[{"href":"https:\/\/www.krajskakniznicazilina.sk\/index.php\/wp-json\/wp\/v2\/posts"}],"about":[{"href":"https:\/\/www.krajskakniznicazilina.sk\/index.php\/wp-json\/wp\/v2\/types\/post"}],"author":[{"embeddable":true,"href":"https:\/\/www.krajskakniznicazilina.sk\/index.php\/wp-json\/wp\/v2\/users\/1"}],"replies":[{"embeddable":true,"href":"https:\/\/www.krajskakniznicazilina.sk\/index.php\/wp-json\/wp\/v2\/comments?post=4060"}],"version-history":[{"count":3,"href":"https:\/\/www.krajskakniznicazilina.sk\/index.php\/wp-json\/wp\/v2\/posts\/4060\/revisions"}],"predecessor-version":[{"id":4063,"href":"https:\/\/www.krajskakniznicazilina.sk\/index.php\/wp-json\/wp\/v2\/posts\/4060\/revisions\/4063"}],"wp:attachment":[{"href":"https:\/\/www.krajskakniznicazilina.sk\/index.php\/wp-json\/wp\/v2\/media?parent=4060"}],"wp:term":[{"taxonomy":"category","embeddable":true,"href":"https:\/\/www.krajskakniznicazilina.sk\/index.php\/wp-json\/wp\/v2\/categories?post=4060"},{"taxonomy":"post_tag","embeddable":true,"href":"https:\/\/www.krajskakniznicazilina.sk\/index.php\/wp-json\/wp\/v2\/tags?post=4060"}],"curies":[{"name":"wp","href":"https:\/\/api.w.org\/{rel}","templated":true}]}}