{"id":4064,"date":"2019-07-29T07:48:43","date_gmt":"2019-07-29T05:48:43","guid":{"rendered":"https:\/\/www.krajskakniznicazilina.sk\/?p=4064"},"modified":"2019-07-10T13:33:05","modified_gmt":"2019-07-10T11:33:05","slug":"detske-leto-v-kniznici-6-tyzden","status":"publish","type":"post","link":"https:\/\/www.krajskakniznicazilina.sk\/index.php\/2019\/07\/29\/detske-leto-v-kniznici-6-tyzden\/","title":{"rendered":"Detsk\u00e9 leto v kni\u017enici &#8211; 6. t\u00fd\u017ede\u0148"},"content":{"rendered":"<p style=\"text-align: justify;\"><strong><a href=\"https:\/\/www.krajskakniznicazilina.sk\/clanky\/2019\/08\/6tyzden.jpg\"><img decoding=\"async\" class=\"alignleft size-thumbnail\" src=\"https:\/\/www.krajskakniznicazilina.sk\/clanky\/2019\/08\/6tyzden.jpg\" width=\"45%\" height=\"45%\" \/><\/a>Piknik v parku \u2013 o z\u00fabkoch<\/strong><\/p>\n<p style=\"text-align: justify;\">Pre na\u0161ich mal\u00fdch \u010ditate\u013eov 1+ si priprav\u00edme na \u0161iesty t\u00fd\u017ede\u0148 letn\u00fdch pr\u00e1zdnin podujatie o z\u00fabkoch.\u00a0 Stretneme sa v utorok\u00a0 <strong>6. augusta o 9:30<\/strong>\u00a0v parku za Krajskou kni\u017enicou v \u017diline. V pr\u00edpade nepriazniv\u00e9ho po\u010dasia sa stretneme v na\u0161om novom detskom k\u00fatiku na detskom oddelen\u00ed.<\/p>\n<p style=\"text-align: justify;\"><strong>Pre\u010d\u00edtan\u00e9 leto \u2013 o po\u010das\u00ed a hromade odpadkov<\/strong><\/p>\n<p style=\"text-align: justify;\">Ku ka\u017edej t\u00e9me pre\u010d\u00edtan\u00e9ho leta je pripraven\u00fd v\u00fdber kn\u00edh pre deti od 5 rokov. V tomto t\u00fd\u017edni leta si pre na\u0161ich \u010ditate\u013eov\u00a0 priprav\u00edme podujatie o po\u010das\u00ed ale aj o hromade odpadkov. Te\u0161\u00edme sa na v\u00e1s v stredu<strong> 7. augusta o 13:00<\/strong>.<\/p>\n<p style=\"text-align: justify;\"><strong>Tvoriv\u00e9 dielne \u2013 vy\u0161\u00edvan\u00e9 poh\u013eadnice<\/strong><\/p>\n<p style=\"text-align: justify;\">Vo \u0161tvrtok <strong>8. augusta o 10:30<\/strong> si na Tvoriv\u00fdch diel\u0148ach pre deti aj dospel\u00fdch vytvor\u00edme vy\u0161\u00edvan\u00e9 poh\u013eadnice. Deti, ktor\u00e9 sa bud\u00fa chcie\u0165 z\u00fa\u010dastni\u0165 podujatia, len v sprievode z\u00e1konn\u00e9ho z\u00e1stupcu.<\/p>\n","protected":false},"excerpt":{"rendered":"<p>Piknik v parku \u2013 o z\u00fabkoch Pre na\u0161ich mal\u00fdch \u010ditate\u013eov 1+ si priprav\u00edme na \u0161iesty t\u00fd\u017ede\u0148 letn\u00fdch pr\u00e1zdnin podujatie o z\u00fabkoch.\u00a0 Stretneme sa v utorok\u00a0 6. augusta o 9:30\u00a0v parku za Krajskou kni\u017enicou v \u017diline. V pr\u00edpade nepriazniv\u00e9ho po\u010dasia sa stretneme v na\u0161om novom detskom k\u00fatiku na detskom oddelen\u00ed. Pre\u010d\u00edtan\u00e9 leto \u2013 o po\u010das\u00ed a &#8230; <a title=\"Detsk\u00e9 leto v kni\u017enici &#8211; 6. t\u00fd\u017ede\u0148\" class=\"read-more\" href=\"https:\/\/www.krajskakniznicazilina.sk\/index.php\/2019\/07\/29\/detske-leto-v-kniznici-6-tyzden\/\" aria-label=\"Pre\u010d\u00edtajte si viac o Detsk\u00e9 leto v kni\u017enici &#8211; 6. t\u00fd\u017ede\u0148\">\u010c\u00edta\u0165 viac<\/a><\/p>\n","protected":false},"author":1,"featured_media":0,"comment_status":"open","ping_status":"open","sticky":false,"template":"","format":"image","meta":{"footnotes":""},"categories":[30,12],"tags":[],"class_list":["post-4064","post","type-post","status-publish","format-image","hentry","category-detske-leto","category-podujatie","post_format-post-format-image"],"_links":{"self":[{"href":"https:\/\/www.krajskakniznicazilina.sk\/index.php\/wp-json\/wp\/v2\/posts\/4064","targetHints":{"allow":["GET"]}}],"collection":[{"href":"https:\/\/www.krajskakniznicazilina.sk\/index.php\/wp-json\/wp\/v2\/posts"}],"about":[{"href":"https:\/\/www.krajskakniznicazilina.sk\/index.php\/wp-json\/wp\/v2\/types\/post"}],"author":[{"embeddable":true,"href":"https:\/\/www.krajskakniznicazilina.sk\/index.php\/wp-json\/wp\/v2\/users\/1"}],"replies":[{"embeddable":true,"href":"https:\/\/www.krajskakniznicazilina.sk\/index.php\/wp-json\/wp\/v2\/comments?post=4064"}],"version-history":[{"count":2,"href":"https:\/\/www.krajskakniznicazilina.sk\/index.php\/wp-json\/wp\/v2\/posts\/4064\/revisions"}],"predecessor-version":[{"id":4080,"href":"https:\/\/www.krajskakniznicazilina.sk\/index.php\/wp-json\/wp\/v2\/posts\/4064\/revisions\/4080"}],"wp:attachment":[{"href":"https:\/\/www.krajskakniznicazilina.sk\/index.php\/wp-json\/wp\/v2\/media?parent=4064"}],"wp:term":[{"taxonomy":"category","embeddable":true,"href":"https:\/\/www.krajskakniznicazilina.sk\/index.php\/wp-json\/wp\/v2\/categories?post=4064"},{"taxonomy":"post_tag","embeddable":true,"href":"https:\/\/www.krajskakniznicazilina.sk\/index.php\/wp-json\/wp\/v2\/tags?post=4064"}],"curies":[{"name":"wp","href":"https:\/\/api.w.org\/{rel}","templated":true}]}}