{"id":4446,"date":"2019-10-09T08:16:11","date_gmt":"2019-10-09T06:16:11","guid":{"rendered":"https:\/\/www.krajskakniznicazilina.sk\/?p=4446"},"modified":"2019-10-08T09:16:20","modified_gmt":"2019-10-08T07:16:20","slug":"vyber-ilustracii-stana-lajdu","status":"publish","type":"post","link":"https:\/\/www.krajskakniznicazilina.sk\/index.php\/2019\/10\/09\/vyber-ilustracii-stana-lajdu\/","title":{"rendered":"V\u00fdber ilustr\u00e1ci\u00ed Stana Lajdu"},"content":{"rendered":"<p style=\"text-align: justify;\"><a href=\"https:\/\/www.krajskakniznicazilina.sk\/clanky\/2019\/10\/ilustr%C3%A1cie.jpg\"><img decoding=\"async\" class=\"alignleft size-thumbnail\" src=\"https:\/\/www.krajskakniznicazilina.sk\/clanky\/2019\/10\/ilustr%C3%A1cie.jpg\" width=\"40%\" height=\"40%\" \/><\/a>V\u00fdstava ilustr\u00e1ci\u00ed, ktor\u00e9 d\u00e1vaj\u00fa knihe \u017eivot, od akad. maliara Stana Lajdu, ktor\u00fd o\u017eivil svojimi kresbami u\u017e desiatky detsk\u00fdch kn\u00edh. Ilustr\u00e1cie bud\u00fa vystaven\u00e9 na pr\u00edzem\u00ed v Krajskej kni\u017enici v \u017diline <strong>od 7. okt\u00f3bra<\/strong> do konca mesiaca okt\u00f3ber.<\/p>\n","protected":false},"excerpt":{"rendered":"<p>V\u00fdstava ilustr\u00e1ci\u00ed, ktor\u00e9 d\u00e1vaj\u00fa knihe \u017eivot, od akad. maliara Stana Lajdu, ktor\u00fd o\u017eivil svojimi kresbami u\u017e desiatky detsk\u00fdch kn\u00edh. Ilustr\u00e1cie bud\u00fa vystaven\u00e9 na pr\u00edzem\u00ed v Krajskej kni\u017enici v \u017diline od 7. okt\u00f3bra do konca mesiaca okt\u00f3ber.<\/p>\n","protected":false},"author":1,"featured_media":0,"comment_status":"open","ping_status":"open","sticky":false,"template":"","format":"image","meta":{"footnotes":""},"categories":[15],"tags":[],"class_list":["post-4446","post","type-post","status-publish","format-image","hentry","category-vystava","post_format-post-format-image"],"_links":{"self":[{"href":"https:\/\/www.krajskakniznicazilina.sk\/index.php\/wp-json\/wp\/v2\/posts\/4446","targetHints":{"allow":["GET"]}}],"collection":[{"href":"https:\/\/www.krajskakniznicazilina.sk\/index.php\/wp-json\/wp\/v2\/posts"}],"about":[{"href":"https:\/\/www.krajskakniznicazilina.sk\/index.php\/wp-json\/wp\/v2\/types\/post"}],"author":[{"embeddable":true,"href":"https:\/\/www.krajskakniznicazilina.sk\/index.php\/wp-json\/wp\/v2\/users\/1"}],"replies":[{"embeddable":true,"href":"https:\/\/www.krajskakniznicazilina.sk\/index.php\/wp-json\/wp\/v2\/comments?post=4446"}],"version-history":[{"count":2,"href":"https:\/\/www.krajskakniznicazilina.sk\/index.php\/wp-json\/wp\/v2\/posts\/4446\/revisions"}],"predecessor-version":[{"id":4493,"href":"https:\/\/www.krajskakniznicazilina.sk\/index.php\/wp-json\/wp\/v2\/posts\/4446\/revisions\/4493"}],"wp:attachment":[{"href":"https:\/\/www.krajskakniznicazilina.sk\/index.php\/wp-json\/wp\/v2\/media?parent=4446"}],"wp:term":[{"taxonomy":"category","embeddable":true,"href":"https:\/\/www.krajskakniznicazilina.sk\/index.php\/wp-json\/wp\/v2\/categories?post=4446"},{"taxonomy":"post_tag","embeddable":true,"href":"https:\/\/www.krajskakniznicazilina.sk\/index.php\/wp-json\/wp\/v2\/tags?post=4446"}],"curies":[{"name":"wp","href":"https:\/\/api.w.org\/{rel}","templated":true}]}}