{"id":4448,"date":"2019-10-03T07:58:11","date_gmt":"2019-10-03T05:58:11","guid":{"rendered":"https:\/\/www.krajskakniznicazilina.sk\/?p=4448"},"modified":"2019-10-02T11:59:38","modified_gmt":"2019-10-02T09:59:38","slug":"vystava-znamy-a-nepoznany-peking","status":"publish","type":"post","link":"https:\/\/www.krajskakniznicazilina.sk\/index.php\/2019\/10\/03\/vystava-znamy-a-nepoznany-peking\/","title":{"rendered":"V\u00fdstava Zn\u00e1my a nepoznan\u00fd Peking"},"content":{"rendered":"<p style=\"text-align: justify;\"><a href=\"https:\/\/www.krajskakniznicazilina.sk\/clanky\/2019\/10\/peking%20v%C3%BDst.jpg\"><img decoding=\"async\" class=\"alignleft size-thumbnail\" src=\"https:\/\/www.krajskakniznicazilina.sk\/clanky\/2019\/10\/peking%20v%C3%BDst.jpg\" width=\"40%\" height=\"40%\" \/><\/a><\/p>\n<p style=\"text-align: justify;\">Peking to nie je len Zak\u00e1zan\u00e9 mesto a n\u00e1mestie Tian An Men. Na obrovskej rozlohe, jedn\u00e9ho z najv\u00e4\u010d\u0161\u00edch miest na svete sa ukr\u00fdvaj\u00fa kult\u00farne aj pr\u00edrodn\u00e9 kr\u00e1sy, ktor\u00e9 s\u00fa v\u00e4\u010d\u0161ine be\u017en\u00fdch n\u00e1v\u0161tevn\u00edkov ukryt\u00e9. V\u00fdstava bude spr\u00edstupnen\u00e1 od 7. okt\u00f3bra do konca mesiaca okt\u00f3ber.<\/p>\n","protected":false},"excerpt":{"rendered":"<p>Peking to nie je len Zak\u00e1zan\u00e9 mesto a n\u00e1mestie Tian An Men. Na obrovskej rozlohe, jedn\u00e9ho z najv\u00e4\u010d\u0161\u00edch miest na svete sa ukr\u00fdvaj\u00fa kult\u00farne aj pr\u00edrodn\u00e9 kr\u00e1sy, ktor\u00e9 s\u00fa v\u00e4\u010d\u0161ine be\u017en\u00fdch n\u00e1v\u0161tevn\u00edkov ukryt\u00e9. V\u00fdstava bude spr\u00edstupnen\u00e1 od 7. okt\u00f3bra do konca mesiaca okt\u00f3ber.<\/p>\n","protected":false},"author":1,"featured_media":0,"comment_status":"open","ping_status":"open","sticky":false,"template":"","format":"image","meta":{"footnotes":""},"categories":[15],"tags":[],"class_list":["post-4448","post","type-post","status-publish","format-image","hentry","category-vystava","post_format-post-format-image"],"_links":{"self":[{"href":"https:\/\/www.krajskakniznicazilina.sk\/index.php\/wp-json\/wp\/v2\/posts\/4448","targetHints":{"allow":["GET"]}}],"collection":[{"href":"https:\/\/www.krajskakniznicazilina.sk\/index.php\/wp-json\/wp\/v2\/posts"}],"about":[{"href":"https:\/\/www.krajskakniznicazilina.sk\/index.php\/wp-json\/wp\/v2\/types\/post"}],"author":[{"embeddable":true,"href":"https:\/\/www.krajskakniznicazilina.sk\/index.php\/wp-json\/wp\/v2\/users\/1"}],"replies":[{"embeddable":true,"href":"https:\/\/www.krajskakniznicazilina.sk\/index.php\/wp-json\/wp\/v2\/comments?post=4448"}],"version-history":[{"count":4,"href":"https:\/\/www.krajskakniznicazilina.sk\/index.php\/wp-json\/wp\/v2\/posts\/4448\/revisions"}],"predecessor-version":[{"id":4479,"href":"https:\/\/www.krajskakniznicazilina.sk\/index.php\/wp-json\/wp\/v2\/posts\/4448\/revisions\/4479"}],"wp:attachment":[{"href":"https:\/\/www.krajskakniznicazilina.sk\/index.php\/wp-json\/wp\/v2\/media?parent=4448"}],"wp:term":[{"taxonomy":"category","embeddable":true,"href":"https:\/\/www.krajskakniznicazilina.sk\/index.php\/wp-json\/wp\/v2\/categories?post=4448"},{"taxonomy":"post_tag","embeddable":true,"href":"https:\/\/www.krajskakniznicazilina.sk\/index.php\/wp-json\/wp\/v2\/tags?post=4448"}],"curies":[{"name":"wp","href":"https:\/\/api.w.org\/{rel}","templated":true}]}}