{"id":4461,"date":"2019-10-04T08:11:14","date_gmt":"2019-10-04T06:11:14","guid":{"rendered":"https:\/\/www.krajskakniznicazilina.sk\/?p=4461"},"modified":"2019-10-02T12:01:19","modified_gmt":"2019-10-02T10:01:19","slug":"tvorivy-klub-babika","status":"publish","type":"post","link":"https:\/\/www.krajskakniznicazilina.sk\/index.php\/2019\/10\/04\/tvorivy-klub-babika\/","title":{"rendered":"Tvoriv\u00fd klub &#8211; b\u00e1bika"},"content":{"rendered":"<p style=\"text-align: justify;\"><a href=\"https:\/\/www.krajskakniznicazilina.sk\/menu\/podu\/klub\/Tvoriv%C3%BD%20klub%201.jpg\"><img decoding=\"async\" class=\"alignright size-thumbnail\" src=\"https:\/\/www.krajskakniznicazilina.sk\/menu\/podu\/klub\/Tvoriv%C3%BD%20klub%201.jpg\" width=\"40%\" height=\"40%\" \/><\/a><\/p>\n<p style=\"text-align: justify;\">Srde\u010dne\u00a0 poz\u00fdvame v\u0161etk\u00fdch, ktor\u00ed s\u00fa kreat\u00edvni a radi tvoria na Tvoriv\u00fd klub do Krajskej kni\u017enice v \u017diline vo \u0161tvrtok <strong>10. okt\u00f3bra o 10:30<\/strong>. Z\u00a0kor\u00e1likov a\u00a0dr\u00f4tu si budeme vyr\u00e1ba\u0165 b\u00e1biku s\u00a0dlh\u00fdmi \u0161atami. Te\u0161\u00edme sa na va\u0161u n\u00e1v\u0161tevu.<\/p>\n","protected":false},"excerpt":{"rendered":"<p>Srde\u010dne\u00a0 poz\u00fdvame v\u0161etk\u00fdch, ktor\u00ed s\u00fa kreat\u00edvni a radi tvoria na Tvoriv\u00fd klub do Krajskej kni\u017enice v \u017diline vo \u0161tvrtok 10. okt\u00f3bra o 10:30. Z\u00a0kor\u00e1likov a\u00a0dr\u00f4tu si budeme vyr\u00e1ba\u0165 b\u00e1biku s\u00a0dlh\u00fdmi \u0161atami. Te\u0161\u00edme sa na va\u0161u n\u00e1v\u0161tevu.<\/p>\n","protected":false},"author":1,"featured_media":0,"comment_status":"open","ping_status":"open","sticky":false,"template":"","format":"image","meta":{"footnotes":""},"categories":[23,37],"tags":[],"class_list":["post-4461","post","type-post","status-publish","format-image","hentry","category-klub","category-tvorivy-klub","post_format-post-format-image"],"_links":{"self":[{"href":"https:\/\/www.krajskakniznicazilina.sk\/index.php\/wp-json\/wp\/v2\/posts\/4461","targetHints":{"allow":["GET"]}}],"collection":[{"href":"https:\/\/www.krajskakniznicazilina.sk\/index.php\/wp-json\/wp\/v2\/posts"}],"about":[{"href":"https:\/\/www.krajskakniznicazilina.sk\/index.php\/wp-json\/wp\/v2\/types\/post"}],"author":[{"embeddable":true,"href":"https:\/\/www.krajskakniznicazilina.sk\/index.php\/wp-json\/wp\/v2\/users\/1"}],"replies":[{"embeddable":true,"href":"https:\/\/www.krajskakniznicazilina.sk\/index.php\/wp-json\/wp\/v2\/comments?post=4461"}],"version-history":[{"count":3,"href":"https:\/\/www.krajskakniznicazilina.sk\/index.php\/wp-json\/wp\/v2\/posts\/4461\/revisions"}],"predecessor-version":[{"id":4481,"href":"https:\/\/www.krajskakniznicazilina.sk\/index.php\/wp-json\/wp\/v2\/posts\/4461\/revisions\/4481"}],"wp:attachment":[{"href":"https:\/\/www.krajskakniznicazilina.sk\/index.php\/wp-json\/wp\/v2\/media?parent=4461"}],"wp:term":[{"taxonomy":"category","embeddable":true,"href":"https:\/\/www.krajskakniznicazilina.sk\/index.php\/wp-json\/wp\/v2\/categories?post=4461"},{"taxonomy":"post_tag","embeddable":true,"href":"https:\/\/www.krajskakniznicazilina.sk\/index.php\/wp-json\/wp\/v2\/tags?post=4461"}],"curies":[{"name":"wp","href":"https:\/\/api.w.org\/{rel}","templated":true}]}}