{"id":4465,"date":"2019-10-11T07:12:25","date_gmt":"2019-10-11T05:12:25","guid":{"rendered":"https:\/\/www.krajskakniznicazilina.sk\/?p=4465"},"modified":"2019-10-08T10:15:25","modified_gmt":"2019-10-08T08:15:25","slug":"95-vyrocie-zalozenia-krajskej-kniznice-v-ziline","status":"publish","type":"post","link":"https:\/\/www.krajskakniznicazilina.sk\/index.php\/2019\/10\/11\/95-vyrocie-zalozenia-krajskej-kniznice-v-ziline\/","title":{"rendered":"95. v\u00fdro\u010die zalo\u017eenia Krajskej kni\u017enice v \u017diline"},"content":{"rendered":"<p style=\"text-align: justify;\"><a href=\"https:\/\/www.krajskakniznicazilina.sk\/clanky\/2019\/10\/95.%20v%C3%BDro%C4%8Die%20KKZA.jpg\"><img decoding=\"async\" class=\"alignright size-thumbnail\" src=\"https:\/\/www.krajskakniznicazilina.sk\/clanky\/2019\/10\/95.%20v%C3%BDro%C4%8Die%20KKZA.jpg\" width=\"40%\" height=\"40%\" \/><\/a>Poz\u00fdvame v\u00e1s na v\u00fdstavu do Krajskej kni\u017enice v \u017diline v utorok <strong>15. okt\u00f3bra<\/strong> pri pr\u00edle\u017eitosti 95. v\u00fdro\u010dia od jej zalo\u017eenia. V priestoroch Krajskej kni\u017enice v \u017diline bud\u00fa vystaven\u00e9 fotografie, ktor\u00e9 zachyt\u00e1vaj\u00fa \u017eivot kni\u017enice v minulosti a dnes.<\/p>\n","protected":false},"excerpt":{"rendered":"<p>Poz\u00fdvame v\u00e1s na v\u00fdstavu do Krajskej kni\u017enice v \u017diline v utorok 15. okt\u00f3bra pri pr\u00edle\u017eitosti 95. v\u00fdro\u010dia od jej zalo\u017eenia. V priestoroch Krajskej kni\u017enice v \u017diline bud\u00fa vystaven\u00e9 fotografie, ktor\u00e9 zachyt\u00e1vaj\u00fa \u017eivot kni\u017enice v minulosti a dnes.<\/p>\n","protected":false},"author":1,"featured_media":0,"comment_status":"open","ping_status":"open","sticky":false,"template":"","format":"image","meta":{"footnotes":""},"categories":[1,15],"tags":[],"class_list":["post-4465","post","type-post","status-publish","format-image","hentry","category-oznam","category-vystava","post_format-post-format-image"],"_links":{"self":[{"href":"https:\/\/www.krajskakniznicazilina.sk\/index.php\/wp-json\/wp\/v2\/posts\/4465","targetHints":{"allow":["GET"]}}],"collection":[{"href":"https:\/\/www.krajskakniznicazilina.sk\/index.php\/wp-json\/wp\/v2\/posts"}],"about":[{"href":"https:\/\/www.krajskakniznicazilina.sk\/index.php\/wp-json\/wp\/v2\/types\/post"}],"author":[{"embeddable":true,"href":"https:\/\/www.krajskakniznicazilina.sk\/index.php\/wp-json\/wp\/v2\/users\/1"}],"replies":[{"embeddable":true,"href":"https:\/\/www.krajskakniznicazilina.sk\/index.php\/wp-json\/wp\/v2\/comments?post=4465"}],"version-history":[{"count":3,"href":"https:\/\/www.krajskakniznicazilina.sk\/index.php\/wp-json\/wp\/v2\/posts\/4465\/revisions"}],"predecessor-version":[{"id":4502,"href":"https:\/\/www.krajskakniznicazilina.sk\/index.php\/wp-json\/wp\/v2\/posts\/4465\/revisions\/4502"}],"wp:attachment":[{"href":"https:\/\/www.krajskakniznicazilina.sk\/index.php\/wp-json\/wp\/v2\/media?parent=4465"}],"wp:term":[{"taxonomy":"category","embeddable":true,"href":"https:\/\/www.krajskakniznicazilina.sk\/index.php\/wp-json\/wp\/v2\/categories?post=4465"},{"taxonomy":"post_tag","embeddable":true,"href":"https:\/\/www.krajskakniznicazilina.sk\/index.php\/wp-json\/wp\/v2\/tags?post=4465"}],"curies":[{"name":"wp","href":"https:\/\/api.w.org\/{rel}","templated":true}]}}