{"id":4467,"date":"2019-10-10T08:08:54","date_gmt":"2019-10-10T06:08:54","guid":{"rendered":"https:\/\/www.krajskakniznicazilina.sk\/?p=4467"},"modified":"2019-10-08T10:10:28","modified_gmt":"2019-10-08T08:10:28","slug":"vernisaz-vystav-osobnosti-ziliny-ocami-stana-lajdu-a-vyber-jeho-ilustracii","status":"publish","type":"post","link":"https:\/\/www.krajskakniznicazilina.sk\/index.php\/2019\/10\/10\/vernisaz-vystav-osobnosti-ziliny-ocami-stana-lajdu-a-vyber-jeho-ilustracii\/","title":{"rendered":"Vernis\u00e1\u017e v\u00fdstav Osobnosti \u017diliny o\u010dami Stana Lajdu a v\u00fdber jeho ilustr\u00e1ci\u00ed"},"content":{"rendered":"<p style=\"text-align: justify;\"><a href=\"https:\/\/www.krajskakniznicazilina.sk\/clanky\/2019\/10\/vernis%20Lajda%20bibl.jpg\"><img decoding=\"async\" class=\"alignleft size-thumbnail\" src=\"https:\/\/www.krajskakniznicazilina.sk\/clanky\/2019\/10\/vernis%20Lajda%20bibl.jpg\" width=\"40%\" height=\"40%\" \/><\/a>V utorok <strong>15.okt\u00f3bra o 16:30<\/strong> v\u00e1s poz\u00fdvame na vernis\u00e1\u017e v\u00fdstav akademick\u00e9ho maliara Stana Lajdu, ktor\u00e1 je zostaven\u00e1 z portr\u00e9tov v\u00fdznamn\u00fdch \u017dilin\u010danov a osobnost\u00ed, ktor\u00e9 svojim \u017eivotom zanechali nezmazate\u013en\u00fa pe\u010da\u0165 v hist\u00f3rii a kult\u00fare mesta \u017dilina a na v\u00fdstavu ilustr\u00e1ci\u00ed detsk\u00fdch kn\u00edh.<\/p>\n<p style=\"text-align: justify;\">S\u00fa\u010das\u0165ou vernis\u00e1\u017ee bude predstavenie v\u00fdberovej person\u00e1lnej bibliografie stru\u010dne zachyt\u00e1vaj\u00facu \u017eivot a dielo akademick\u00e9ho maliara Stanislava Lajdu, ktor\u00fa vydala Krajsk\u00e1 kni\u017enica v \u017diline. Projekt je spolufinancovan\u00fd Mestom \u017dilina a \u017dilinsk\u00fdm samospr\u00e1vnym krajom.\u00a0 V\u00fdstavy bud\u00fa in\u0161talovan\u00e9 v Krajskej kni\u017enici v \u017diline po\u010das mesiaca okt\u00f3ber 2019.<\/p>\n","protected":false},"excerpt":{"rendered":"<p>V utorok 15.okt\u00f3bra o 16:30 v\u00e1s poz\u00fdvame na vernis\u00e1\u017e v\u00fdstav akademick\u00e9ho maliara Stana Lajdu, ktor\u00e1 je zostaven\u00e1 z portr\u00e9tov v\u00fdznamn\u00fdch \u017dilin\u010danov a osobnost\u00ed, ktor\u00e9 svojim \u017eivotom zanechali nezmazate\u013en\u00fa pe\u010da\u0165 v hist\u00f3rii a kult\u00fare mesta \u017dilina a na v\u00fdstavu ilustr\u00e1ci\u00ed detsk\u00fdch kn\u00edh. S\u00fa\u010das\u0165ou vernis\u00e1\u017ee bude predstavenie v\u00fdberovej person\u00e1lnej bibliografie stru\u010dne zachyt\u00e1vaj\u00facu \u017eivot a dielo akademick\u00e9ho maliara &#8230; <a title=\"Vernis\u00e1\u017e v\u00fdstav Osobnosti \u017diliny o\u010dami Stana Lajdu a v\u00fdber jeho ilustr\u00e1ci\u00ed\" class=\"read-more\" href=\"https:\/\/www.krajskakniznicazilina.sk\/index.php\/2019\/10\/10\/vernisaz-vystav-osobnosti-ziliny-ocami-stana-lajdu-a-vyber-jeho-ilustracii\/\" aria-label=\"Pre\u010d\u00edtajte si viac o Vernis\u00e1\u017e v\u00fdstav Osobnosti \u017diliny o\u010dami Stana Lajdu a v\u00fdber jeho ilustr\u00e1ci\u00ed\">\u010c\u00edta\u0165 viac<\/a><\/p>\n","protected":false},"author":1,"featured_media":0,"comment_status":"open","ping_status":"open","sticky":false,"template":"","format":"image","meta":{"footnotes":""},"categories":[1],"tags":[],"class_list":["post-4467","post","type-post","status-publish","format-image","hentry","category-oznam","post_format-post-format-image"],"_links":{"self":[{"href":"https:\/\/www.krajskakniznicazilina.sk\/index.php\/wp-json\/wp\/v2\/posts\/4467","targetHints":{"allow":["GET"]}}],"collection":[{"href":"https:\/\/www.krajskakniznicazilina.sk\/index.php\/wp-json\/wp\/v2\/posts"}],"about":[{"href":"https:\/\/www.krajskakniznicazilina.sk\/index.php\/wp-json\/wp\/v2\/types\/post"}],"author":[{"embeddable":true,"href":"https:\/\/www.krajskakniznicazilina.sk\/index.php\/wp-json\/wp\/v2\/users\/1"}],"replies":[{"embeddable":true,"href":"https:\/\/www.krajskakniznicazilina.sk\/index.php\/wp-json\/wp\/v2\/comments?post=4467"}],"version-history":[{"count":2,"href":"https:\/\/www.krajskakniznicazilina.sk\/index.php\/wp-json\/wp\/v2\/posts\/4467\/revisions"}],"predecessor-version":[{"id":4500,"href":"https:\/\/www.krajskakniznicazilina.sk\/index.php\/wp-json\/wp\/v2\/posts\/4467\/revisions\/4500"}],"wp:attachment":[{"href":"https:\/\/www.krajskakniznicazilina.sk\/index.php\/wp-json\/wp\/v2\/media?parent=4467"}],"wp:term":[{"taxonomy":"category","embeddable":true,"href":"https:\/\/www.krajskakniznicazilina.sk\/index.php\/wp-json\/wp\/v2\/categories?post=4467"},{"taxonomy":"post_tag","embeddable":true,"href":"https:\/\/www.krajskakniznicazilina.sk\/index.php\/wp-json\/wp\/v2\/tags?post=4467"}],"curies":[{"name":"wp","href":"https:\/\/api.w.org\/{rel}","templated":true}]}}