{"id":4469,"date":"2019-10-14T15:23:07","date_gmt":"2019-10-14T13:23:07","guid":{"rendered":"https:\/\/www.krajskakniznicazilina.sk\/?p=4469"},"modified":"2019-10-14T09:41:09","modified_gmt":"2019-10-14T07:41:09","slug":"zoznamte-sa-s-pocitacom-2","status":"publish","type":"post","link":"https:\/\/www.krajskakniznicazilina.sk\/index.php\/2019\/10\/14\/zoznamte-sa-s-pocitacom-2\/","title":{"rendered":"Zozn\u00e1mte sa s po\u010d\u00edta\u010dom"},"content":{"rendered":"<p style=\"text-align: justify;\"><a href=\"https:\/\/www.krajskakniznicazilina.sk\/clanky\/2019\/10\/zozn%C3%A1mte%20sa%20s%20po%C4%8D%C3%ADta%C4%8Dom.jpg\"><img decoding=\"async\" class=\"alignright size-thumbnail\" src=\"https:\/\/www.krajskakniznicazilina.sk\/clanky\/2019\/10\/zozn%C3%A1mte%20sa%20s%20po%C4%8D%C3%ADta%C4%8Dom.jpg\" width=\"40%\" height=\"40%\" \/><\/a>Op\u00e4\u0165 v\u00e1s poz\u00fdvame\u00a0 na 1. stretnutie\u00a0 kurzu, ktor\u00fd sa uskuto\u010dn\u00ed v stredu <strong>16.okt\u00f3bra o 8:00<\/strong> v Krajskej kni\u017enici v \u017diline. Nau\u010d\u00edme v\u00e1s zapn\u00fa\u0165 po\u010d\u00edta\u010d a pracova\u0165 v novom prostred\u00ed Google Dokumenty. Budeme si\u00a0 p\u00edsa\u0165 a upravova\u0165 nap\u00edsan\u00fd text,\u00a0 pou\u017eijeme kl\u00e1vesov\u00e9 skratky, uk\u00e1\u017eeme si ako vklada\u0165\u00a0 obr\u00e1zok do textu a zalo\u017e\u00edme si e-mail.<\/p>\n","protected":false},"excerpt":{"rendered":"<p>Op\u00e4\u0165 v\u00e1s poz\u00fdvame\u00a0 na 1. stretnutie\u00a0 kurzu, ktor\u00fd sa uskuto\u010dn\u00ed v stredu 16.okt\u00f3bra o 8:00 v Krajskej kni\u017enici v \u017diline. Nau\u010d\u00edme v\u00e1s zapn\u00fa\u0165 po\u010d\u00edta\u010d a pracova\u0165 v novom prostred\u00ed Google Dokumenty. Budeme si\u00a0 p\u00edsa\u0165 a upravova\u0165 nap\u00edsan\u00fd text,\u00a0 pou\u017eijeme kl\u00e1vesov\u00e9 skratky, uk\u00e1\u017eeme si ako vklada\u0165\u00a0 obr\u00e1zok do textu a zalo\u017e\u00edme si e-mail.<\/p>\n","protected":false},"author":1,"featured_media":0,"comment_status":"open","ping_status":"open","sticky":false,"template":"","format":"image","meta":{"footnotes":""},"categories":[26,12],"tags":[],"class_list":["post-4469","post","type-post","status-publish","format-image","hentry","category-kurz","category-podujatie","post_format-post-format-image"],"_links":{"self":[{"href":"https:\/\/www.krajskakniznicazilina.sk\/index.php\/wp-json\/wp\/v2\/posts\/4469","targetHints":{"allow":["GET"]}}],"collection":[{"href":"https:\/\/www.krajskakniznicazilina.sk\/index.php\/wp-json\/wp\/v2\/posts"}],"about":[{"href":"https:\/\/www.krajskakniznicazilina.sk\/index.php\/wp-json\/wp\/v2\/types\/post"}],"author":[{"embeddable":true,"href":"https:\/\/www.krajskakniznicazilina.sk\/index.php\/wp-json\/wp\/v2\/users\/1"}],"replies":[{"embeddable":true,"href":"https:\/\/www.krajskakniznicazilina.sk\/index.php\/wp-json\/wp\/v2\/comments?post=4469"}],"version-history":[{"count":3,"href":"https:\/\/www.krajskakniznicazilina.sk\/index.php\/wp-json\/wp\/v2\/posts\/4469\/revisions"}],"predecessor-version":[{"id":4538,"href":"https:\/\/www.krajskakniznicazilina.sk\/index.php\/wp-json\/wp\/v2\/posts\/4469\/revisions\/4538"}],"wp:attachment":[{"href":"https:\/\/www.krajskakniznicazilina.sk\/index.php\/wp-json\/wp\/v2\/media?parent=4469"}],"wp:term":[{"taxonomy":"category","embeddable":true,"href":"https:\/\/www.krajskakniznicazilina.sk\/index.php\/wp-json\/wp\/v2\/categories?post=4469"},{"taxonomy":"post_tag","embeddable":true,"href":"https:\/\/www.krajskakniznicazilina.sk\/index.php\/wp-json\/wp\/v2\/tags?post=4469"}],"curies":[{"name":"wp","href":"https:\/\/api.w.org\/{rel}","templated":true}]}}