{"id":4471,"date":"2019-10-14T09:37:07","date_gmt":"2019-10-14T07:37:07","guid":{"rendered":"https:\/\/www.krajskakniznicazilina.sk\/?p=4471"},"modified":"2019-10-14T09:37:07","modified_gmt":"2019-10-14T07:37:07","slug":"dni-nadeje-duhove-odpovede","status":"publish","type":"post","link":"https:\/\/www.krajskakniznicazilina.sk\/index.php\/2019\/10\/14\/dni-nadeje-duhove-odpovede\/","title":{"rendered":"Dni n\u00e1deje &#8211; D\u00fahov\u00e9 odpovede"},"content":{"rendered":"<p style=\"text-align: justify;\"><a href=\"https:\/\/www.krajskakniznicazilina.sk\/clanky\/2019\/10\/dni%20n%C3%A1deje%2019.jpg\"><img decoding=\"async\" class=\"alignleft size-thumbnail\" src=\"https:\/\/www.krajskakniznicazilina.sk\/clanky\/2019\/10\/dni%20n%C3%A1deje%2019.jpg\" width=\"30%\" height=\"30%\" \/><\/a>Srde\u010dne v\u00e1s poz\u00fdvame na v\u00fdstavu liter\u00e1rnych a v\u00fdtvarn\u00fdch diel z celoslovensk\u00e9ho protidrogov\u00e9ho festivalu, ktor\u00fa organizuje Nad\u00e1cia L\u00fa\u010d u\u017e 25. ro\u010dn\u00edk.\u00a0 Umiestnen\u00e1 bude\u00a0 na pr\u00edzem\u00ed Krajskej kni\u017enice v \u017diline od polovice okt\u00f3bra do konca mesiaca okt\u00f3ber.<\/p>\n<p style=\"text-align: justify;\"><strong>D\u00fahov\u00e9 odpovede<\/strong><\/p>\n<p style=\"text-align: justify;\">Srde\u010dne v\u00e1s poz\u00fdvame na vernis\u00e1\u017e\u00a0 v\u00fdstavy liter\u00e1rnych a v\u00fdtvarn\u00fdch diel z celoslovensk\u00e9ho protidrogov\u00e9ho festivalu Dni n\u00e1deje, ktor\u00fa organizuje Nad\u00e1cia L\u00fa\u010d u\u017e 25. ro\u010dn\u00edk v\u00a0stredu<strong> 16. okt\u00f3bra o\u00a013:00<\/strong> do Krajskej kni\u017enice v\u00a0\u017diline.<\/p>\n","protected":false},"excerpt":{"rendered":"<p>Srde\u010dne v\u00e1s poz\u00fdvame na v\u00fdstavu liter\u00e1rnych a v\u00fdtvarn\u00fdch diel z celoslovensk\u00e9ho protidrogov\u00e9ho festivalu, ktor\u00fa organizuje Nad\u00e1cia L\u00fa\u010d u\u017e 25. ro\u010dn\u00edk.\u00a0 Umiestnen\u00e1 bude\u00a0 na pr\u00edzem\u00ed Krajskej kni\u017enice v \u017diline od polovice okt\u00f3bra do konca mesiaca okt\u00f3ber. D\u00fahov\u00e9 odpovede Srde\u010dne v\u00e1s poz\u00fdvame na vernis\u00e1\u017e\u00a0 v\u00fdstavy liter\u00e1rnych a v\u00fdtvarn\u00fdch diel z celoslovensk\u00e9ho protidrogov\u00e9ho festivalu Dni n\u00e1deje, ktor\u00fa organizuje &#8230; <a title=\"Dni n\u00e1deje &#8211; D\u00fahov\u00e9 odpovede\" class=\"read-more\" href=\"https:\/\/www.krajskakniznicazilina.sk\/index.php\/2019\/10\/14\/dni-nadeje-duhove-odpovede\/\" aria-label=\"Pre\u010d\u00edtajte si viac o Dni n\u00e1deje &#8211; D\u00fahov\u00e9 odpovede\">\u010c\u00edta\u0165 viac<\/a><\/p>\n","protected":false},"author":1,"featured_media":0,"comment_status":"open","ping_status":"open","sticky":false,"template":"","format":"image","meta":{"footnotes":""},"categories":[1,15],"tags":[],"class_list":["post-4471","post","type-post","status-publish","format-image","hentry","category-oznam","category-vystava","post_format-post-format-image"],"_links":{"self":[{"href":"https:\/\/www.krajskakniznicazilina.sk\/index.php\/wp-json\/wp\/v2\/posts\/4471","targetHints":{"allow":["GET"]}}],"collection":[{"href":"https:\/\/www.krajskakniznicazilina.sk\/index.php\/wp-json\/wp\/v2\/posts"}],"about":[{"href":"https:\/\/www.krajskakniznicazilina.sk\/index.php\/wp-json\/wp\/v2\/types\/post"}],"author":[{"embeddable":true,"href":"https:\/\/www.krajskakniznicazilina.sk\/index.php\/wp-json\/wp\/v2\/users\/1"}],"replies":[{"embeddable":true,"href":"https:\/\/www.krajskakniznicazilina.sk\/index.php\/wp-json\/wp\/v2\/comments?post=4471"}],"version-history":[{"count":4,"href":"https:\/\/www.krajskakniznicazilina.sk\/index.php\/wp-json\/wp\/v2\/posts\/4471\/revisions"}],"predecessor-version":[{"id":4537,"href":"https:\/\/www.krajskakniznicazilina.sk\/index.php\/wp-json\/wp\/v2\/posts\/4471\/revisions\/4537"}],"wp:attachment":[{"href":"https:\/\/www.krajskakniznicazilina.sk\/index.php\/wp-json\/wp\/v2\/media?parent=4471"}],"wp:term":[{"taxonomy":"category","embeddable":true,"href":"https:\/\/www.krajskakniznicazilina.sk\/index.php\/wp-json\/wp\/v2\/categories?post=4471"},{"taxonomy":"post_tag","embeddable":true,"href":"https:\/\/www.krajskakniznicazilina.sk\/index.php\/wp-json\/wp\/v2\/tags?post=4471"}],"curies":[{"name":"wp","href":"https:\/\/api.w.org\/{rel}","templated":true}]}}