{"id":4520,"date":"2019-10-16T08:06:12","date_gmt":"2019-10-16T06:06:12","guid":{"rendered":"https:\/\/www.krajskakniznicazilina.sk\/?p=4520"},"modified":"2019-10-16T12:10:10","modified_gmt":"2019-10-16T10:10:10","slug":"ludove-tradicie-v-kniznici-pltnictvo-a-stredne-povazie","status":"publish","type":"post","link":"https:\/\/www.krajskakniznicazilina.sk\/index.php\/2019\/10\/16\/ludove-tradicie-v-kniznici-pltnictvo-a-stredne-povazie\/","title":{"rendered":"\u013dudov\u00e9 trad\u00edcie v kni\u017enici &#8211; pltn\u00edctvo a Stredn\u00e9 Pova\u017eie"},"content":{"rendered":"<p style=\"text-align: justify;\"><a href=\"https:\/\/www.krajskakniznicazilina.sk\/clanky\/2019\/10\/%C4%BEud%20trad%20plt.jpg\"><img decoding=\"async\" class=\"alignright size-thumbnail\" src=\"https:\/\/www.krajskakniznicazilina.sk\/clanky\/2019\/10\/%C4%BEud%20trad%20plt.jpg\" width=\"40%\" height=\"40%\" \/><\/a>Zauj\u00edmaj\u00fa v\u00e1s\u00a0 \u013eudov\u00e9 trad\u00edcie a \u013eudov\u00e9 remesl\u00e1 na Slovensku? V piatok <strong>18. okt\u00f3bra o 13:30<\/strong>\u00a0sa dozviete\u00a0 zauj\u00edmavosti o regi\u00f3ne Stredn\u00e9 Pova\u017eie. S\u00fa\u010das\u0165ou bude i spievanie \u013eudov\u00fdch piesn\u00ed a pribl\u00ed\u017eime si aj \u013eudov\u00e9 remeslo \u2013 pltn\u00edctvo. Te\u0161\u00edme sa na va\u0161u n\u00e1v\u0161tevu.<\/p>\n","protected":false},"excerpt":{"rendered":"<p>Zauj\u00edmaj\u00fa v\u00e1s\u00a0 \u013eudov\u00e9 trad\u00edcie a \u013eudov\u00e9 remesl\u00e1 na Slovensku? V piatok 18. okt\u00f3bra o 13:30\u00a0sa dozviete\u00a0 zauj\u00edmavosti o regi\u00f3ne Stredn\u00e9 Pova\u017eie. S\u00fa\u010das\u0165ou bude i spievanie \u013eudov\u00fdch piesn\u00ed a pribl\u00ed\u017eime si aj \u013eudov\u00e9 remeslo \u2013 pltn\u00edctvo. Te\u0161\u00edme sa na va\u0161u n\u00e1v\u0161tevu.<\/p>\n","protected":false},"author":1,"featured_media":0,"comment_status":"open","ping_status":"open","sticky":false,"template":"","format":"image","meta":{"footnotes":""},"categories":[23,38],"tags":[],"class_list":["post-4520","post","type-post","status-publish","format-image","hentry","category-klub","category-klub-rucnych-prac","post_format-post-format-image"],"_links":{"self":[{"href":"https:\/\/www.krajskakniznicazilina.sk\/index.php\/wp-json\/wp\/v2\/posts\/4520","targetHints":{"allow":["GET"]}}],"collection":[{"href":"https:\/\/www.krajskakniznicazilina.sk\/index.php\/wp-json\/wp\/v2\/posts"}],"about":[{"href":"https:\/\/www.krajskakniznicazilina.sk\/index.php\/wp-json\/wp\/v2\/types\/post"}],"author":[{"embeddable":true,"href":"https:\/\/www.krajskakniznicazilina.sk\/index.php\/wp-json\/wp\/v2\/users\/1"}],"replies":[{"embeddable":true,"href":"https:\/\/www.krajskakniznicazilina.sk\/index.php\/wp-json\/wp\/v2\/comments?post=4520"}],"version-history":[{"count":2,"href":"https:\/\/www.krajskakniznicazilina.sk\/index.php\/wp-json\/wp\/v2\/posts\/4520\/revisions"}],"predecessor-version":[{"id":4541,"href":"https:\/\/www.krajskakniznicazilina.sk\/index.php\/wp-json\/wp\/v2\/posts\/4520\/revisions\/4541"}],"wp:attachment":[{"href":"https:\/\/www.krajskakniznicazilina.sk\/index.php\/wp-json\/wp\/v2\/media?parent=4520"}],"wp:term":[{"taxonomy":"category","embeddable":true,"href":"https:\/\/www.krajskakniznicazilina.sk\/index.php\/wp-json\/wp\/v2\/categories?post=4520"},{"taxonomy":"post_tag","embeddable":true,"href":"https:\/\/www.krajskakniznicazilina.sk\/index.php\/wp-json\/wp\/v2\/tags?post=4520"}],"curies":[{"name":"wp","href":"https:\/\/api.w.org\/{rel}","templated":true}]}}