{"id":4522,"date":"2019-10-17T07:45:49","date_gmt":"2019-10-17T05:45:49","guid":{"rendered":"https:\/\/www.krajskakniznicazilina.sk\/?p=4522"},"modified":"2019-10-14T09:47:03","modified_gmt":"2019-10-14T07:47:03","slug":"klub-u-knihulky-pritul-si-ma","status":"publish","type":"post","link":"https:\/\/www.krajskakniznicazilina.sk\/index.php\/2019\/10\/17\/klub-u-knihulky-pritul-si-ma\/","title":{"rendered":"Klub u Knihu\u013eky &#8211; Prit\u00fa\u013e si ma"},"content":{"rendered":"<p style=\"text-align: justify;\"><a href=\"https:\/\/www.krajskakniznicazilina.sk\/clanky\/2019\/10\/knihulka%2010.jpg\"><img decoding=\"async\" class=\"alignleft size-thumbnail\" src=\"https:\/\/www.krajskakniznicazilina.sk\/clanky\/2019\/10\/knihulka%2010.jpg\" width=\"40%\" height=\"40%\" \/><\/a>Krajsk\u00e1 kni\u017enica \u017dilina poz\u00fdva v\u0161etky mami\u010dky s de\u0165mi do 5 rokov v pondelok \u00a0<strong>21. okt\u00f3bra o 10:00<\/strong>\u00a0na klub s Knihu\u013ekou. Budeme si \u010d\u00edta\u0165 z kni\u017eky Prit\u00fa\u013e si ma a pom\u00f4\u017eeme ml\u00e1\u010fatku tu\u010dniaka von zo \u0161krupinky a\u00a0spolu s\u00a0n\u00edm n\u00e1jdeme \u00a0jeho rodi\u010dov. \u00a0Za\u017eijeme pr\u00edbeh pln\u00fd dobrodru\u017estva, spolu si aj \u00a0zaspievame a zatancujeme.<\/p>\n","protected":false},"excerpt":{"rendered":"<p>Krajsk\u00e1 kni\u017enica \u017dilina poz\u00fdva v\u0161etky mami\u010dky s de\u0165mi do 5 rokov v pondelok \u00a021. okt\u00f3bra o 10:00\u00a0na klub s Knihu\u013ekou. Budeme si \u010d\u00edta\u0165 z kni\u017eky Prit\u00fa\u013e si ma a pom\u00f4\u017eeme ml\u00e1\u010fatku tu\u010dniaka von zo \u0161krupinky a\u00a0spolu s\u00a0n\u00edm n\u00e1jdeme \u00a0jeho rodi\u010dov. \u00a0Za\u017eijeme pr\u00edbeh pln\u00fd dobrodru\u017estva, spolu si aj \u00a0zaspievame a zatancujeme.<\/p>\n","protected":false},"author":1,"featured_media":0,"comment_status":"open","ping_status":"open","sticky":false,"template":"","format":"image","meta":{"footnotes":""},"categories":[23,35],"tags":[],"class_list":["post-4522","post","type-post","status-publish","format-image","hentry","category-klub","category-knihulka","post_format-post-format-image"],"_links":{"self":[{"href":"https:\/\/www.krajskakniznicazilina.sk\/index.php\/wp-json\/wp\/v2\/posts\/4522","targetHints":{"allow":["GET"]}}],"collection":[{"href":"https:\/\/www.krajskakniznicazilina.sk\/index.php\/wp-json\/wp\/v2\/posts"}],"about":[{"href":"https:\/\/www.krajskakniznicazilina.sk\/index.php\/wp-json\/wp\/v2\/types\/post"}],"author":[{"embeddable":true,"href":"https:\/\/www.krajskakniznicazilina.sk\/index.php\/wp-json\/wp\/v2\/users\/1"}],"replies":[{"embeddable":true,"href":"https:\/\/www.krajskakniznicazilina.sk\/index.php\/wp-json\/wp\/v2\/comments?post=4522"}],"version-history":[{"count":2,"href":"https:\/\/www.krajskakniznicazilina.sk\/index.php\/wp-json\/wp\/v2\/posts\/4522\/revisions"}],"predecessor-version":[{"id":4543,"href":"https:\/\/www.krajskakniznicazilina.sk\/index.php\/wp-json\/wp\/v2\/posts\/4522\/revisions\/4543"}],"wp:attachment":[{"href":"https:\/\/www.krajskakniznicazilina.sk\/index.php\/wp-json\/wp\/v2\/media?parent=4522"}],"wp:term":[{"taxonomy":"category","embeddable":true,"href":"https:\/\/www.krajskakniznicazilina.sk\/index.php\/wp-json\/wp\/v2\/categories?post=4522"},{"taxonomy":"post_tag","embeddable":true,"href":"https:\/\/www.krajskakniznicazilina.sk\/index.php\/wp-json\/wp\/v2\/tags?post=4522"}],"curies":[{"name":"wp","href":"https:\/\/api.w.org\/{rel}","templated":true}]}}