{"id":4527,"date":"2019-10-12T09:47:27","date_gmt":"2019-10-12T07:47:27","guid":{"rendered":"https:\/\/www.krajskakniznicazilina.sk\/?p=4527"},"modified":"2019-10-14T09:50:22","modified_gmt":"2019-10-14T07:50:22","slug":"vystava-najkrajsich-kalendarov-slovenska-2019","status":"publish","type":"post","link":"https:\/\/www.krajskakniznicazilina.sk\/index.php\/2019\/10\/12\/vystava-najkrajsich-kalendarov-slovenska-2019\/","title":{"rendered":"V\u00fdstava najkraj\u0161\u00edch kalend\u00e1rov Slovenska 2019"},"content":{"rendered":"<p style=\"text-align: justify;\">Poz\u00fdvame v\u00e1s u\u017e na 27. ro\u010dn\u00edk v\u00fdstavy najkraj\u0161\u00edch kalend\u00e1rov Slovenska 2019 do Krajskej kni\u017enice v \u017diline, ktor\u00e1 bude umiestnen\u00e1 na n\u00e1u\u010dnom oddelen\u00ed <strong>do 23. okt\u00f3bra<\/strong>. Vyhodnotenie najkraj\u0161\u00edch kalend\u00e1rov Slovenska sa konalo v apr\u00edli v Banskej Bystrici a odtia\u013e kalend\u00e1re putuj\u00fa po r\u00f4znych mest\u00e1ch Slovenska, aby ich \u013eudia mohli obdivova\u0165 v r\u00f4znych k\u00fatoch na\u0161ej republiky. Te\u0161\u00edme sa na va\u0161u n\u00e1v\u0161tevu.<\/p>\n","protected":false},"excerpt":{"rendered":"<p>Poz\u00fdvame v\u00e1s u\u017e na 27. ro\u010dn\u00edk v\u00fdstavy najkraj\u0161\u00edch kalend\u00e1rov Slovenska 2019 do Krajskej kni\u017enice v \u017diline, ktor\u00e1 bude umiestnen\u00e1 na n\u00e1u\u010dnom oddelen\u00ed do 23. okt\u00f3bra. Vyhodnotenie najkraj\u0161\u00edch kalend\u00e1rov Slovenska sa konalo v apr\u00edli v Banskej Bystrici a odtia\u013e kalend\u00e1re putuj\u00fa po r\u00f4znych mest\u00e1ch Slovenska, aby ich \u013eudia mohli obdivova\u0165 v r\u00f4znych k\u00fatoch na\u0161ej republiky. Te\u0161\u00edme &#8230; <a title=\"V\u00fdstava najkraj\u0161\u00edch kalend\u00e1rov Slovenska 2019\" class=\"read-more\" href=\"https:\/\/www.krajskakniznicazilina.sk\/index.php\/2019\/10\/12\/vystava-najkrajsich-kalendarov-slovenska-2019\/\" aria-label=\"Pre\u010d\u00edtajte si viac o V\u00fdstava najkraj\u0161\u00edch kalend\u00e1rov Slovenska 2019\">\u010c\u00edta\u0165 viac<\/a><\/p>\n","protected":false},"author":1,"featured_media":0,"comment_status":"open","ping_status":"open","sticky":false,"template":"","format":"image","meta":{"footnotes":""},"categories":[15],"tags":[],"class_list":["post-4527","post","type-post","status-publish","format-image","hentry","category-vystava","post_format-post-format-image"],"_links":{"self":[{"href":"https:\/\/www.krajskakniznicazilina.sk\/index.php\/wp-json\/wp\/v2\/posts\/4527","targetHints":{"allow":["GET"]}}],"collection":[{"href":"https:\/\/www.krajskakniznicazilina.sk\/index.php\/wp-json\/wp\/v2\/posts"}],"about":[{"href":"https:\/\/www.krajskakniznicazilina.sk\/index.php\/wp-json\/wp\/v2\/types\/post"}],"author":[{"embeddable":true,"href":"https:\/\/www.krajskakniznicazilina.sk\/index.php\/wp-json\/wp\/v2\/users\/1"}],"replies":[{"embeddable":true,"href":"https:\/\/www.krajskakniznicazilina.sk\/index.php\/wp-json\/wp\/v2\/comments?post=4527"}],"version-history":[{"count":2,"href":"https:\/\/www.krajskakniznicazilina.sk\/index.php\/wp-json\/wp\/v2\/posts\/4527\/revisions"}],"predecessor-version":[{"id":4544,"href":"https:\/\/www.krajskakniznicazilina.sk\/index.php\/wp-json\/wp\/v2\/posts\/4527\/revisions\/4544"}],"wp:attachment":[{"href":"https:\/\/www.krajskakniznicazilina.sk\/index.php\/wp-json\/wp\/v2\/media?parent=4527"}],"wp:term":[{"taxonomy":"category","embeddable":true,"href":"https:\/\/www.krajskakniznicazilina.sk\/index.php\/wp-json\/wp\/v2\/categories?post=4527"},{"taxonomy":"post_tag","embeddable":true,"href":"https:\/\/www.krajskakniznicazilina.sk\/index.php\/wp-json\/wp\/v2\/tags?post=4527"}],"curies":[{"name":"wp","href":"https:\/\/api.w.org\/{rel}","templated":true}]}}