{"id":4545,"date":"2019-10-20T08:54:38","date_gmt":"2019-10-20T06:54:38","guid":{"rendered":"https:\/\/www.krajskakniznicazilina.sk\/?p=4545"},"modified":"2019-10-17T16:53:48","modified_gmt":"2019-10-17T14:53:48","slug":"ceski-a-slovenski-ilustratori-na-bib-1967-2017","status":"publish","type":"post","link":"https:\/\/www.krajskakniznicazilina.sk\/index.php\/2019\/10\/20\/ceski-a-slovenski-ilustratori-na-bib-1967-2017\/","title":{"rendered":"\u010cesk\u00ed a slovensk\u00ed ilustr\u00e1tori na BIB 1967 \u2013 2017"},"content":{"rendered":"<p style=\"text-align: justify;\"><a href=\"https:\/\/www.krajskakniznicazilina.sk\/clanky\/2019\/10\/CS%20ilust.jpg\"><img decoding=\"async\" class=\"alignright size-thumbnail\" src=\"https:\/\/www.krajskakniznicazilina.sk\/clanky\/2019\/10\/CS%20ilust.jpg\" width=\"40%\" height=\"40%\" \/><\/a>V\u00fdstava predstavuje 26 kn\u00edh a ilustr\u00e1cie 5 \u010desk\u00fdch a 11 slovensk\u00fdch ilustr\u00e1torov, ktor\u00ed z\u00edskali na Bien\u00e1le ilustr\u00e1ci\u00ed Bratislava v rokoch 1967 a\u017e 2017 Grand Prix a Zlat\u00e9 jablko. V\u00fdstava je spr\u00edstupnen\u00e1 do konca mesiaca okt\u00f3ber.<\/p>\n","protected":false},"excerpt":{"rendered":"<p>V\u00fdstava predstavuje 26 kn\u00edh a ilustr\u00e1cie 5 \u010desk\u00fdch a 11 slovensk\u00fdch ilustr\u00e1torov, ktor\u00ed z\u00edskali na Bien\u00e1le ilustr\u00e1ci\u00ed Bratislava v rokoch 1967 a\u017e 2017 Grand Prix a Zlat\u00e9 jablko. V\u00fdstava je spr\u00edstupnen\u00e1 do konca mesiaca okt\u00f3ber.<\/p>\n","protected":false},"author":1,"featured_media":0,"comment_status":"open","ping_status":"open","sticky":false,"template":"","format":"image","meta":{"footnotes":""},"categories":[15],"tags":[],"class_list":["post-4545","post","type-post","status-publish","format-image","hentry","category-vystava","post_format-post-format-image"],"_links":{"self":[{"href":"https:\/\/www.krajskakniznicazilina.sk\/index.php\/wp-json\/wp\/v2\/posts\/4545","targetHints":{"allow":["GET"]}}],"collection":[{"href":"https:\/\/www.krajskakniznicazilina.sk\/index.php\/wp-json\/wp\/v2\/posts"}],"about":[{"href":"https:\/\/www.krajskakniznicazilina.sk\/index.php\/wp-json\/wp\/v2\/types\/post"}],"author":[{"embeddable":true,"href":"https:\/\/www.krajskakniznicazilina.sk\/index.php\/wp-json\/wp\/v2\/users\/1"}],"replies":[{"embeddable":true,"href":"https:\/\/www.krajskakniznicazilina.sk\/index.php\/wp-json\/wp\/v2\/comments?post=4545"}],"version-history":[{"count":5,"href":"https:\/\/www.krajskakniznicazilina.sk\/index.php\/wp-json\/wp\/v2\/posts\/4545\/revisions"}],"predecessor-version":[{"id":4571,"href":"https:\/\/www.krajskakniznicazilina.sk\/index.php\/wp-json\/wp\/v2\/posts\/4545\/revisions\/4571"}],"wp:attachment":[{"href":"https:\/\/www.krajskakniznicazilina.sk\/index.php\/wp-json\/wp\/v2\/media?parent=4545"}],"wp:term":[{"taxonomy":"category","embeddable":true,"href":"https:\/\/www.krajskakniznicazilina.sk\/index.php\/wp-json\/wp\/v2\/categories?post=4545"},{"taxonomy":"post_tag","embeddable":true,"href":"https:\/\/www.krajskakniznicazilina.sk\/index.php\/wp-json\/wp\/v2\/tags?post=4545"}],"curies":[{"name":"wp","href":"https:\/\/api.w.org\/{rel}","templated":true}]}}