{"id":4561,"date":"2019-10-17T16:17:37","date_gmt":"2019-10-17T14:17:37","guid":{"rendered":"https:\/\/www.krajskakniznicazilina.sk\/?p=4561"},"modified":"2019-10-17T16:17:37","modified_gmt":"2019-10-17T14:17:37","slug":"den-bociana-2","status":"publish","type":"post","link":"https:\/\/www.krajskakniznicazilina.sk\/index.php\/2019\/10\/17\/den-bociana-2\/","title":{"rendered":"De\u0148 Bociana"},"content":{"rendered":"<p style=\"text-align: justify;\"><a href=\"https:\/\/www.krajskakniznicazilina.sk\/clanky\/2019\/10\/bocian.jpg\"><img decoding=\"async\" class=\"alignright size-thumbnail\" src=\"https:\/\/www.krajskakniznicazilina.sk\/clanky\/2019\/10\/bocian.jpg\" width=\"40%\" height=\"40%\" \/><\/a>\u0160OP SR, Spr\u00e1va NP Mal\u00e1 Fatra, \u0160kola ochrany pr\u00edrody, Var\u00edn a Krajsk\u00e1 kni\u017enica v \u017diline v\u00e1s srde\u010dne poz\u00fdvaj\u00fa na De\u0148 Bociana, ktor\u00fd sa uskuto\u010dn\u00ed v\u00a0stredu <strong>23. okt\u00f3bra 2019 o 9:00<\/strong> v Krajskej kni\u017enici v \u017diline. S\u00fa\u010das\u0165ou bud\u00fa besedy pre \u017eiakov Z\u0160 a otvorenie v\u00fdstavy detsk\u00fdch pr\u00e1c.<\/p>\n","protected":false},"excerpt":{"rendered":"<p>\u0160OP SR, Spr\u00e1va NP Mal\u00e1 Fatra, \u0160kola ochrany pr\u00edrody, Var\u00edn a Krajsk\u00e1 kni\u017enica v \u017diline v\u00e1s srde\u010dne poz\u00fdvaj\u00fa na De\u0148 Bociana, ktor\u00fd sa uskuto\u010dn\u00ed v\u00a0stredu 23. okt\u00f3bra 2019 o 9:00 v Krajskej kni\u017enici v \u017diline. S\u00fa\u010das\u0165ou bud\u00fa besedy pre \u017eiakov Z\u0160 a otvorenie v\u00fdstavy detsk\u00fdch pr\u00e1c.<\/p>\n","protected":false},"author":1,"featured_media":0,"comment_status":"open","ping_status":"open","sticky":false,"template":"","format":"image","meta":{"footnotes":""},"categories":[12],"tags":[],"class_list":["post-4561","post","type-post","status-publish","format-image","hentry","category-podujatie","post_format-post-format-image"],"_links":{"self":[{"href":"https:\/\/www.krajskakniznicazilina.sk\/index.php\/wp-json\/wp\/v2\/posts\/4561","targetHints":{"allow":["GET"]}}],"collection":[{"href":"https:\/\/www.krajskakniznicazilina.sk\/index.php\/wp-json\/wp\/v2\/posts"}],"about":[{"href":"https:\/\/www.krajskakniznicazilina.sk\/index.php\/wp-json\/wp\/v2\/types\/post"}],"author":[{"embeddable":true,"href":"https:\/\/www.krajskakniznicazilina.sk\/index.php\/wp-json\/wp\/v2\/users\/1"}],"replies":[{"embeddable":true,"href":"https:\/\/www.krajskakniznicazilina.sk\/index.php\/wp-json\/wp\/v2\/comments?post=4561"}],"version-history":[{"count":1,"href":"https:\/\/www.krajskakniznicazilina.sk\/index.php\/wp-json\/wp\/v2\/posts\/4561\/revisions"}],"predecessor-version":[{"id":4562,"href":"https:\/\/www.krajskakniznicazilina.sk\/index.php\/wp-json\/wp\/v2\/posts\/4561\/revisions\/4562"}],"wp:attachment":[{"href":"https:\/\/www.krajskakniznicazilina.sk\/index.php\/wp-json\/wp\/v2\/media?parent=4561"}],"wp:term":[{"taxonomy":"category","embeddable":true,"href":"https:\/\/www.krajskakniznicazilina.sk\/index.php\/wp-json\/wp\/v2\/categories?post=4561"},{"taxonomy":"post_tag","embeddable":true,"href":"https:\/\/www.krajskakniznicazilina.sk\/index.php\/wp-json\/wp\/v2\/tags?post=4561"}],"curies":[{"name":"wp","href":"https:\/\/api.w.org\/{rel}","templated":true}]}}