{"id":4566,"date":"2019-10-19T07:43:51","date_gmt":"2019-10-19T05:43:51","guid":{"rendered":"https:\/\/www.krajskakniznicazilina.sk\/?p=4566"},"modified":"2019-10-17T16:50:32","modified_gmt":"2019-10-17T14:50:32","slug":"ako-chytit-vodnika","status":"publish","type":"post","link":"https:\/\/www.krajskakniznicazilina.sk\/index.php\/2019\/10\/19\/ako-chytit-vodnika\/","title":{"rendered":"Ako chyti\u0165 vodn\u00edka"},"content":{"rendered":"<p style=\"text-align: justify;\"><a href=\"https:\/\/www.krajskakniznicazilina.sk\/clanky\/2019\/10\/ako%20chyti%C5%A5%20vodnika.jpg\"><img decoding=\"async\" class=\"alignleft size-thumbnail\" src=\"https:\/\/www.krajskakniznicazilina.sk\/clanky\/2019\/10\/ako%20chyti%C5%A5%20vodnika.jpg\" width=\"40%\" height=\"40%\" \/><\/a>V piatok <strong>25. okt\u00f3bra o 17:00<\/strong> v\u00e1s poz\u00fdvame na prezent\u00e1ciu zbierky poviedok Ako chyti\u0165 vodn\u00edka, stra\u0161ideln\u00e9 povesti od mladej autorky Jany Zo\u0148ovej. Beseda s autorkou bude spojen\u00e1 aj s \u010d\u00edtan\u00edm uk\u00e1\u017eok textov. S\u00fa\u010das\u0165ou besedy bude uvedenie knihy bude do liter\u00e1rneho \u017eivota.<\/p>\n","protected":false},"excerpt":{"rendered":"<p>V piatok 25. okt\u00f3bra o 17:00 v\u00e1s poz\u00fdvame na prezent\u00e1ciu zbierky poviedok Ako chyti\u0165 vodn\u00edka, stra\u0161ideln\u00e9 povesti od mladej autorky Jany Zo\u0148ovej. Beseda s autorkou bude spojen\u00e1 aj s \u010d\u00edtan\u00edm uk\u00e1\u017eok textov. S\u00fa\u010das\u0165ou besedy bude uvedenie knihy bude do liter\u00e1rneho \u017eivota.<\/p>\n","protected":false},"author":1,"featured_media":0,"comment_status":"open","ping_status":"open","sticky":false,"template":"","format":"image","meta":{"footnotes":""},"categories":[24,22],"tags":[],"class_list":["post-4566","post","type-post","status-publish","format-image","hentry","category-beseda","category-prednaska","post_format-post-format-image"],"_links":{"self":[{"href":"https:\/\/www.krajskakniznicazilina.sk\/index.php\/wp-json\/wp\/v2\/posts\/4566","targetHints":{"allow":["GET"]}}],"collection":[{"href":"https:\/\/www.krajskakniznicazilina.sk\/index.php\/wp-json\/wp\/v2\/posts"}],"about":[{"href":"https:\/\/www.krajskakniznicazilina.sk\/index.php\/wp-json\/wp\/v2\/types\/post"}],"author":[{"embeddable":true,"href":"https:\/\/www.krajskakniznicazilina.sk\/index.php\/wp-json\/wp\/v2\/users\/1"}],"replies":[{"embeddable":true,"href":"https:\/\/www.krajskakniznicazilina.sk\/index.php\/wp-json\/wp\/v2\/comments?post=4566"}],"version-history":[{"count":2,"href":"https:\/\/www.krajskakniznicazilina.sk\/index.php\/wp-json\/wp\/v2\/posts\/4566\/revisions"}],"predecessor-version":[{"id":4568,"href":"https:\/\/www.krajskakniznicazilina.sk\/index.php\/wp-json\/wp\/v2\/posts\/4566\/revisions\/4568"}],"wp:attachment":[{"href":"https:\/\/www.krajskakniznicazilina.sk\/index.php\/wp-json\/wp\/v2\/media?parent=4566"}],"wp:term":[{"taxonomy":"category","embeddable":true,"href":"https:\/\/www.krajskakniznicazilina.sk\/index.php\/wp-json\/wp\/v2\/categories?post=4566"},{"taxonomy":"post_tag","embeddable":true,"href":"https:\/\/www.krajskakniznicazilina.sk\/index.php\/wp-json\/wp\/v2\/tags?post=4566"}],"curies":[{"name":"wp","href":"https:\/\/api.w.org\/{rel}","templated":true}]}}