{"id":4572,"date":"2019-10-21T07:23:51","date_gmt":"2019-10-21T05:23:51","guid":{"rendered":"https:\/\/www.krajskakniznicazilina.sk\/?p=4572"},"modified":"2019-10-17T17:06:12","modified_gmt":"2019-10-17T15:06:12","slug":"tvorivy-klub-kreslenie-jesennej-krajiny","status":"publish","type":"post","link":"https:\/\/www.krajskakniznicazilina.sk\/index.php\/2019\/10\/21\/tvorivy-klub-kreslenie-jesennej-krajiny\/","title":{"rendered":"Tvoriv\u00fd klub &#8211; kreslenie jesennej krajiny"},"content":{"rendered":"<p style=\"text-align: justify;\"><a href=\"https:\/\/www.krajskakniznicazilina.sk\/menu\/podu\/klub\/Tvoriv%C3%BD%20klub%201.jpg\"><img decoding=\"async\" class=\"alignleft size-thumbnail\" src=\"https:\/\/www.krajskakniznicazilina.sk\/menu\/podu\/klub\/Tvoriv%C3%BD%20klub%201.jpg\" width=\"40%\" height=\"40%\" \/><\/a>Radi by ste si vysk\u00fa\u0161ali kreslenie jesennej krajiny? Srde\u010dne ste v\u00edtan\u00ed na Tvorivom klube, ktor\u00fd bude vo \u0161tvrtok <strong>24.okt\u00f3bra o 10:30<\/strong>. Pri kreslen\u00ed pou\u017eijeme uhl\u00edk, ceruzku, pastelky a\u00a0pri pr\u00e1ci budeme po\u010d\u00fava\u0165 aj relaxa\u010dn\u00fa hudbu. Te\u0161\u00edme sa na va\u0161u n\u00e1v\u0161tevu.<\/p>\n","protected":false},"excerpt":{"rendered":"<p>Radi by ste si vysk\u00fa\u0161ali kreslenie jesennej krajiny? Srde\u010dne ste v\u00edtan\u00ed na Tvorivom klube, ktor\u00fd bude vo \u0161tvrtok 24.okt\u00f3bra o 10:30. Pri kreslen\u00ed pou\u017eijeme uhl\u00edk, ceruzku, pastelky a\u00a0pri pr\u00e1ci budeme po\u010d\u00fava\u0165 aj relaxa\u010dn\u00fa hudbu. Te\u0161\u00edme sa na va\u0161u n\u00e1v\u0161tevu.<\/p>\n","protected":false},"author":1,"featured_media":0,"comment_status":"open","ping_status":"open","sticky":false,"template":"","format":"image","meta":{"footnotes":""},"categories":[23,37],"tags":[],"class_list":["post-4572","post","type-post","status-publish","format-image","hentry","category-klub","category-tvorivy-klub","post_format-post-format-image"],"_links":{"self":[{"href":"https:\/\/www.krajskakniznicazilina.sk\/index.php\/wp-json\/wp\/v2\/posts\/4572","targetHints":{"allow":["GET"]}}],"collection":[{"href":"https:\/\/www.krajskakniznicazilina.sk\/index.php\/wp-json\/wp\/v2\/posts"}],"about":[{"href":"https:\/\/www.krajskakniznicazilina.sk\/index.php\/wp-json\/wp\/v2\/types\/post"}],"author":[{"embeddable":true,"href":"https:\/\/www.krajskakniznicazilina.sk\/index.php\/wp-json\/wp\/v2\/users\/1"}],"replies":[{"embeddable":true,"href":"https:\/\/www.krajskakniznicazilina.sk\/index.php\/wp-json\/wp\/v2\/comments?post=4572"}],"version-history":[{"count":1,"href":"https:\/\/www.krajskakniznicazilina.sk\/index.php\/wp-json\/wp\/v2\/posts\/4572\/revisions"}],"predecessor-version":[{"id":4573,"href":"https:\/\/www.krajskakniznicazilina.sk\/index.php\/wp-json\/wp\/v2\/posts\/4572\/revisions\/4573"}],"wp:attachment":[{"href":"https:\/\/www.krajskakniznicazilina.sk\/index.php\/wp-json\/wp\/v2\/media?parent=4572"}],"wp:term":[{"taxonomy":"category","embeddable":true,"href":"https:\/\/www.krajskakniznicazilina.sk\/index.php\/wp-json\/wp\/v2\/categories?post=4572"},{"taxonomy":"post_tag","embeddable":true,"href":"https:\/\/www.krajskakniznicazilina.sk\/index.php\/wp-json\/wp\/v2\/tags?post=4572"}],"curies":[{"name":"wp","href":"https:\/\/api.w.org\/{rel}","templated":true}]}}