{"id":4574,"date":"2019-10-21T13:21:35","date_gmt":"2019-10-21T11:21:35","guid":{"rendered":"https:\/\/www.krajskakniznicazilina.sk\/?p=4574"},"modified":"2019-10-17T17:11:40","modified_gmt":"2019-10-17T15:11:40","slug":"island-a-kamcatka","status":"publish","type":"post","link":"https:\/\/www.krajskakniznicazilina.sk\/index.php\/2019\/10\/21\/island-a-kamcatka\/","title":{"rendered":"Island a Kam\u010datka"},"content":{"rendered":"<p style=\"text-align: justify;\"><a href=\"https:\/\/www.krajskakniznicazilina.sk\/clanky\/2019\/10\/kam%C4%8Datka,%20island.jpg\"><img decoding=\"async\" class=\"alignright size-thumbnail\" src=\"https:\/\/www.krajskakniznicazilina.sk\/clanky\/2019\/10\/kam%C4%8Datka,%20island.jpg\" width=\"40%\" height=\"40%\" \/><\/a>V\u00e1\u017een\u00ed milovn\u00edci cestovate\u013esk\u00fdch z\u00e1\u017eitkov, Krajsk\u00e1 kni\u017enica v\u00a0\u017diline v\u00e1s srde\u010dne poz\u00fdva v\u00a0utorok <strong>29. okt\u00f3bra o\u00a016:30<\/strong> na cestovate\u013esk\u00fa besedu o Kam\u010datke a Islande. \u00a0Kam\u010datka je\u00a0 rajom na konci sveta a Island je zas krajinou oh\u0148a a \u013eadu. Cel\u00fa atmosf\u00e9ru t\u00fdchto fascinuj\u00facich kraj\u00edn v\u00e1m pribl\u00ed\u017eia \u00a0cestovatelia spolu s CK Objavuj svet.<\/p>\n","protected":false},"excerpt":{"rendered":"<p>V\u00e1\u017een\u00ed milovn\u00edci cestovate\u013esk\u00fdch z\u00e1\u017eitkov, Krajsk\u00e1 kni\u017enica v\u00a0\u017diline v\u00e1s srde\u010dne poz\u00fdva v\u00a0utorok 29. okt\u00f3bra o\u00a016:30 na cestovate\u013esk\u00fa besedu o Kam\u010datke a Islande. \u00a0Kam\u010datka je\u00a0 rajom na konci sveta a Island je zas krajinou oh\u0148a a \u013eadu. Cel\u00fa atmosf\u00e9ru t\u00fdchto fascinuj\u00facich kraj\u00edn v\u00e1m pribl\u00ed\u017eia \u00a0cestovatelia spolu s CK Objavuj svet.<\/p>\n","protected":false},"author":1,"featured_media":0,"comment_status":"open","ping_status":"open","sticky":false,"template":"","format":"image","meta":{"footnotes":""},"categories":[24,21],"tags":[],"class_list":["post-4574","post","type-post","status-publish","format-image","hentry","category-beseda","category-cestovatelska-beseda","post_format-post-format-image"],"_links":{"self":[{"href":"https:\/\/www.krajskakniznicazilina.sk\/index.php\/wp-json\/wp\/v2\/posts\/4574","targetHints":{"allow":["GET"]}}],"collection":[{"href":"https:\/\/www.krajskakniznicazilina.sk\/index.php\/wp-json\/wp\/v2\/posts"}],"about":[{"href":"https:\/\/www.krajskakniznicazilina.sk\/index.php\/wp-json\/wp\/v2\/types\/post"}],"author":[{"embeddable":true,"href":"https:\/\/www.krajskakniznicazilina.sk\/index.php\/wp-json\/wp\/v2\/users\/1"}],"replies":[{"embeddable":true,"href":"https:\/\/www.krajskakniznicazilina.sk\/index.php\/wp-json\/wp\/v2\/comments?post=4574"}],"version-history":[{"count":2,"href":"https:\/\/www.krajskakniznicazilina.sk\/index.php\/wp-json\/wp\/v2\/posts\/4574\/revisions"}],"predecessor-version":[{"id":4576,"href":"https:\/\/www.krajskakniznicazilina.sk\/index.php\/wp-json\/wp\/v2\/posts\/4574\/revisions\/4576"}],"wp:attachment":[{"href":"https:\/\/www.krajskakniznicazilina.sk\/index.php\/wp-json\/wp\/v2\/media?parent=4574"}],"wp:term":[{"taxonomy":"category","embeddable":true,"href":"https:\/\/www.krajskakniznicazilina.sk\/index.php\/wp-json\/wp\/v2\/categories?post=4574"},{"taxonomy":"post_tag","embeddable":true,"href":"https:\/\/www.krajskakniznicazilina.sk\/index.php\/wp-json\/wp\/v2\/tags?post=4574"}],"curies":[{"name":"wp","href":"https:\/\/api.w.org\/{rel}","templated":true}]}}