{"id":4599,"date":"2019-10-28T08:06:59","date_gmt":"2019-10-28T07:06:59","guid":{"rendered":"https:\/\/www.krajskakniznicazilina.sk\/?p=4599"},"modified":"2019-10-21T10:11:26","modified_gmt":"2019-10-21T08:11:26","slug":"novalis-basnicke-texty-piesni","status":"publish","type":"post","link":"https:\/\/www.krajskakniznicazilina.sk\/index.php\/2019\/10\/28\/novalis-basnicke-texty-piesni\/","title":{"rendered":"Novalis &#8211; b\u00e1snick\u00e9 texty piesn\u00ed"},"content":{"rendered":"<p style=\"text-align: justify;\"><a href=\"https:\/\/www.krajskakniznicazilina.sk\/menu\/podu\/klub\/novalis.jpg\"><img decoding=\"async\" class=\"alignright size-thumbnail\" src=\"https:\/\/www.krajskakniznicazilina.sk\/menu\/podu\/klub\/novalis.jpg\" width=\"40%\" height=\"40%\" \/><\/a>Po\u00a0 \u010dase sa op\u00e4\u0165 vr\u00e1time k b\u00e1snick\u00fdm textom piesn\u00ed. Na pr\u00edklade nekvalitn\u00fdch diel od kvalitn\u00fdch autorov si uk\u00e1\u017eeme ako (ne)p\u00edsa\u0165. Slovensk\u00ed text\u00e1ri-b\u00e1snici a b\u00e1snici-text\u00e1ri: Kamil Peteraj, Boris Filan, Juraj Soviar, \u013dubo\u0161 Zeman, Jo\u017eo Urban a \u010fal\u0161\u00ed. Stretneme sa v Krajskej kni\u017enici v \u017diline v utorok <strong>5. novembra\u00a0 o 16:00<\/strong>.<\/p>\n","protected":false},"excerpt":{"rendered":"<p>Po\u00a0 \u010dase sa op\u00e4\u0165 vr\u00e1time k b\u00e1snick\u00fdm textom piesn\u00ed. Na pr\u00edklade nekvalitn\u00fdch diel od kvalitn\u00fdch autorov si uk\u00e1\u017eeme ako (ne)p\u00edsa\u0165. Slovensk\u00ed text\u00e1ri-b\u00e1snici a b\u00e1snici-text\u00e1ri: Kamil Peteraj, Boris Filan, Juraj Soviar, \u013dubo\u0161 Zeman, Jo\u017eo Urban a \u010fal\u0161\u00ed. Stretneme sa v Krajskej kni\u017enici v \u017diline v utorok 5. novembra\u00a0 o 16:00.<\/p>\n","protected":false},"author":1,"featured_media":0,"comment_status":"open","ping_status":"open","sticky":false,"template":"","format":"image","meta":{"footnotes":""},"categories":[23,34],"tags":[],"class_list":["post-4599","post","type-post","status-publish","format-image","hentry","category-klub","category-novalis","post_format-post-format-image"],"_links":{"self":[{"href":"https:\/\/www.krajskakniznicazilina.sk\/index.php\/wp-json\/wp\/v2\/posts\/4599","targetHints":{"allow":["GET"]}}],"collection":[{"href":"https:\/\/www.krajskakniznicazilina.sk\/index.php\/wp-json\/wp\/v2\/posts"}],"about":[{"href":"https:\/\/www.krajskakniznicazilina.sk\/index.php\/wp-json\/wp\/v2\/types\/post"}],"author":[{"embeddable":true,"href":"https:\/\/www.krajskakniznicazilina.sk\/index.php\/wp-json\/wp\/v2\/users\/1"}],"replies":[{"embeddable":true,"href":"https:\/\/www.krajskakniznicazilina.sk\/index.php\/wp-json\/wp\/v2\/comments?post=4599"}],"version-history":[{"count":1,"href":"https:\/\/www.krajskakniznicazilina.sk\/index.php\/wp-json\/wp\/v2\/posts\/4599\/revisions"}],"predecessor-version":[{"id":4600,"href":"https:\/\/www.krajskakniznicazilina.sk\/index.php\/wp-json\/wp\/v2\/posts\/4599\/revisions\/4600"}],"wp:attachment":[{"href":"https:\/\/www.krajskakniznicazilina.sk\/index.php\/wp-json\/wp\/v2\/media?parent=4599"}],"wp:term":[{"taxonomy":"category","embeddable":true,"href":"https:\/\/www.krajskakniznicazilina.sk\/index.php\/wp-json\/wp\/v2\/categories?post=4599"},{"taxonomy":"post_tag","embeddable":true,"href":"https:\/\/www.krajskakniznicazilina.sk\/index.php\/wp-json\/wp\/v2\/tags?post=4599"}],"curies":[{"name":"wp","href":"https:\/\/api.w.org\/{rel}","templated":true}]}}