{"id":4601,"date":"2019-10-29T08:11:32","date_gmt":"2019-10-29T07:11:32","guid":{"rendered":"https:\/\/www.krajskakniznicazilina.sk\/?p=4601"},"modified":"2019-10-21T10:14:41","modified_gmt":"2019-10-21T08:14:41","slug":"svetoznama-provence-a-nepoznana-kythira","status":"publish","type":"post","link":"https:\/\/www.krajskakniznicazilina.sk\/index.php\/2019\/10\/29\/svetoznama-provence-a-nepoznana-kythira\/","title":{"rendered":"Svetozn\u00e1ma Provence a nepoznan\u00e1 Kythira"},"content":{"rendered":"<p style=\"text-align: justify;\"><a href=\"https:\/\/www.krajskakniznicazilina.sk\/clanky\/2019\/11\/Provence,%20Kythira%20ver.jpg\"><img decoding=\"async\" class=\"alignleft size-thumbnail\" src=\"https:\/\/www.krajskakniznicazilina.sk\/clanky\/2019\/11\/Provence,%20Kythira%20ver.jpg\" width=\"40%\" height=\"40%\" \/><\/a>Dych hist\u00f3rie a v\u00f4\u0148a levandule v najkraj\u0161\u00edch letovisk\u00e1ch Provence. Jasky\u0148a, v ktorej p\u00edsal sv. J\u00e1n svoju Apokalypsu, az\u00farov\u00fd z\u00e1liv, kde sa zrodila Afrodita a \u010fal\u0161ie p\u00f4vaby malebn\u00e9ho ostrova Kythira. V\u00fdstavu kr\u00e1snych fotografi\u00ed si m\u00f4\u017eete pr\u00eds\u0165 pozrie\u0165 na n\u00e1u\u010dn\u00e9 oddelenie, vernis\u00e1\u017e v\u00fdstavy sa bude kona\u0165 v stredu <strong>6. novembra o 16:30<\/strong>.<\/p>\n","protected":false},"excerpt":{"rendered":"<p>Dych hist\u00f3rie a v\u00f4\u0148a levandule v najkraj\u0161\u00edch letovisk\u00e1ch Provence. Jasky\u0148a, v ktorej p\u00edsal sv. J\u00e1n svoju Apokalypsu, az\u00farov\u00fd z\u00e1liv, kde sa zrodila Afrodita a \u010fal\u0161ie p\u00f4vaby malebn\u00e9ho ostrova Kythira. V\u00fdstavu kr\u00e1snych fotografi\u00ed si m\u00f4\u017eete pr\u00eds\u0165 pozrie\u0165 na n\u00e1u\u010dn\u00e9 oddelenie, vernis\u00e1\u017e v\u00fdstavy sa bude kona\u0165 v stredu 6. novembra o 16:30.<\/p>\n","protected":false},"author":1,"featured_media":0,"comment_status":"open","ping_status":"open","sticky":false,"template":"","format":"image","meta":{"footnotes":""},"categories":[28,15],"tags":[],"class_list":["post-4601","post","type-post","status-publish","format-image","hentry","category-vernisaz","category-vystava","post_format-post-format-image"],"_links":{"self":[{"href":"https:\/\/www.krajskakniznicazilina.sk\/index.php\/wp-json\/wp\/v2\/posts\/4601","targetHints":{"allow":["GET"]}}],"collection":[{"href":"https:\/\/www.krajskakniznicazilina.sk\/index.php\/wp-json\/wp\/v2\/posts"}],"about":[{"href":"https:\/\/www.krajskakniznicazilina.sk\/index.php\/wp-json\/wp\/v2\/types\/post"}],"author":[{"embeddable":true,"href":"https:\/\/www.krajskakniznicazilina.sk\/index.php\/wp-json\/wp\/v2\/users\/1"}],"replies":[{"embeddable":true,"href":"https:\/\/www.krajskakniznicazilina.sk\/index.php\/wp-json\/wp\/v2\/comments?post=4601"}],"version-history":[{"count":1,"href":"https:\/\/www.krajskakniznicazilina.sk\/index.php\/wp-json\/wp\/v2\/posts\/4601\/revisions"}],"predecessor-version":[{"id":4602,"href":"https:\/\/www.krajskakniznicazilina.sk\/index.php\/wp-json\/wp\/v2\/posts\/4601\/revisions\/4602"}],"wp:attachment":[{"href":"https:\/\/www.krajskakniznicazilina.sk\/index.php\/wp-json\/wp\/v2\/media?parent=4601"}],"wp:term":[{"taxonomy":"category","embeddable":true,"href":"https:\/\/www.krajskakniznicazilina.sk\/index.php\/wp-json\/wp\/v2\/categories?post=4601"},{"taxonomy":"post_tag","embeddable":true,"href":"https:\/\/www.krajskakniznicazilina.sk\/index.php\/wp-json\/wp\/v2\/tags?post=4601"}],"curies":[{"name":"wp","href":"https:\/\/api.w.org\/{rel}","templated":true}]}}