{"id":4603,"date":"2019-10-30T08:16:39","date_gmt":"2019-10-30T07:16:39","guid":{"rendered":"https:\/\/www.krajskakniznicazilina.sk\/?p=4603"},"modified":"2019-10-21T10:23:57","modified_gmt":"2019-10-21T08:23:57","slug":"navrhuj-grafiku-v-adobe-illustrator","status":"publish","type":"post","link":"https:\/\/www.krajskakniznicazilina.sk\/index.php\/2019\/10\/30\/navrhuj-grafiku-v-adobe-illustrator\/","title":{"rendered":"Navrhuj grafiku v Adobe Illustrator!"},"content":{"rendered":"<p style=\"text-align: justify;\"><a href=\"https:\/\/www.krajskakniznicazilina.sk\/clanky\/2019\/11\/grafika.jpg\"><img decoding=\"async\" class=\"alignright size-thumbnail\" src=\"https:\/\/www.krajskakniznicazilina.sk\/clanky\/2019\/11\/grafika.jpg\" width=\"40%\" height=\"40%\" \/><\/a>Vytv\u00e1rajte jednoduch\u00e9 aj zlo\u017eit\u00e9 tvary, upravujte farebnos\u0165, kombinujte ich s p\u00edsmom a tvorte \u00fa\u017easn\u00fa grafiku. Od dizajnu loga, cez jednotliv\u00e9 \u010dasti webu a\u017e po megaboard. Po\u010das workshopu si v programe Adobe Illustrator pod veden\u00edm sk\u00fasen\u00e9ho lektora navrhnete vlastn\u00fd let\u00e1k.<\/p>\n<p style=\"text-align: justify;\">Lektorom bude <b>Mgr. art. Martin Z\u00e1humensk\u00fd<\/b>\u00a0\u2013produktov\u00fd a grafick\u00fd dizajn\u00e9r, ktor\u00fd pri svojej dizajn\u00e9rskej a pedagogickej dr\u00e1he akt\u00edvne vyu\u017e\u00edva 2D a 3D modelovanie v spojen\u00ed s 3D tla\u010dou, dr\u017eite\u013e n\u00e1rodnej ceny za dizajn, fan\u00fa\u0161ik architekt\u00fary a dej\u00edn dizajnu.<\/p>\n<p style=\"text-align: justify;\"><b>KEDY?\u00a0<\/b>6.11.2019 od 16:00 do 19:00 hod.<br \/>\n<b>KDE?\u00a0<\/b>Krajsk\u00e1 kni\u017enica v \u017diline, A.Bernol\u00e1ka 47,\u00a001177\u017dilina<\/p>\n<p style=\"text-align: justify;\"><b>NEZABUDNITE SI PRINIES\u0164<\/b><\/p>\n<ul style=\"text-align: justify;\">\n<li>vlastn\u00fd nabit\u00fd notebook s my\u0161kou<\/li>\n<li>nain\u0161talovan\u00fd program Adobe Illustrator alebo jeho trial verziu na 7 dn\u00ed:\u00a0<a href=\"https:\/\/creative.adobe.com\/products\/download\/illustrator?promoid=Y69SGWKS&amp;mv=other\">https:\/\/creative.adobe.com\/products\/download\/illustrator?promoid=Y69SGWKS&amp;mv=other<\/a><\/li>\n<\/ul>\n<p style=\"text-align: justify;\"><b>Registrujte sa cez \u017diados\u0165 o \u00fa\u010das\u0165 na podujat\u00ed: <\/b><a href=\"https:\/\/www.npc.sk\/sk\/events\/navrhuj-grafiku-v-adobe-illustrator\/\">https:\/\/www.npc.sk\/sk\/events\/navrhuj-grafiku-v-adobe-illustrator\/<\/a> Ukon\u010denie registr\u00e1cie: 4.11.2019 do 16.00 hod.\u00a0\u00da\u010das\u0165 je bezplatn\u00e1, po\u010det \u00fa\u010dastn\u00edkov je obmedzen\u00fd.<\/p>\n<p style=\"text-align: justify;\"><b>PODMIENKY<\/b>,\u00a0 \u00fa\u010dastn\u00edk mus\u00ed by\u0165:<!--more--><\/p>\n<p style=\"text-align: justify;\"><b>fyzick\u00e1 osoba \u2013 nepodnikate\u013e<\/b>\u00a0s trval\u00fdm pobytom na \u00fazem\u00ed v niektorom zo 7 samospr\u00e1vnych krajov Slovenska, okrem Bratislavsk\u00e9ho samospr\u00e1vneho kraja. V\u00fdnimku tvoria \u0161tudenti s trval\u00fdm pobytom na \u00fazem\u00ed BSK, ktor\u00ed sa preuk\u00e1\u017eu platn\u00fdm potvrden\u00edm o dennom \u0161t\u00fadiu na niektorej z univerz\u00edt (vysok\u00fdch \u0161k\u00f4l), stredn\u00fdch \u0161k\u00f4l, s\u00eddliacich a p\u00f4sobiacich na \u00fazem\u00ed v niektorom zo 7 samospr\u00e1vnych krajov alebo cudz\u00ed \u0161t\u00e1tni pr\u00edslu\u0161n\u00edci, ktor\u00ed sa preuk\u00e1\u017eu potvrden\u00edm\/z\u00e1znamom o prechodnom pobyte na \u00fazem\u00ed Slovenska (okrem BSK).<\/p>\n<p style=\"text-align: justify;\"><b>pr\u00e1vnick\u00e1 osoba alebo fyzick\u00e1 osoba<\/b>, ktor\u00e1 je podnikate\u013eom v zmysle ustanovenia \u00a7 2 ods. 2 p\u00edsm. a), b), c) z\u00e1kona \u010d. 513\/1991 Zb. Obchodn\u00fd z\u00e1konn\u00edk v znen\u00ed neskor\u0161\u00edch predpisov, zalo\u017eenou a existuj\u00facou pod\u013ea pr\u00e1va Slovenskej republiky<\/p>\n<ul>\n<li style=\"text-align: justify;\">sp\u013a\u0148a defin\u00edciu mal\u00e9ho a stredn\u00e9ho podniku;<\/li>\n<li style=\"text-align: justify;\">m\u00e1 s\u00eddlo v jednom zo 7 samospr\u00e1vnych krajov Slovenska s v\u00fdnimkou Bratislavsk\u00e9ho samospr\u00e1vneho kraja;<\/li>\n<li style=\"text-align: justify;\">v momente podania \u017eiadosti o \u00fa\u010das\u0165 v Creative Pointe podnik\u00e1 menej ako 3 roky od d\u00e1tumu registr\u00e1cie, napr. do Obchodn\u00e9ho registra SR, \u017divnostensk\u00e9ho registra SR, respekt\u00edve in\u00e9ho samostatn\u00e9ho registra, ktor\u00fd opr\u00e1v\u0148uje na podnikanie;<\/li>\n<li style=\"text-align: justify;\">je podnikom pod\u013ea \u010dl\u00e1nku 107 ods. 1 Zmluvy o fungovan\u00ed E\u00da, pri\u010dom podnikom v zmysle uveden\u00e9ho je ka\u017ed\u00fd subjekt vykon\u00e1vaj\u00faci hospod\u00e1rsku \u010dinnos\u0165 bez oh\u013eadu na svoje pr\u00e1vne postavenie a sp\u00f4sob financovania;<\/li>\n<li style=\"text-align: justify;\">za jeden podnikate\u013esk\u00fd subjekt m\u00f4\u017eu by\u0165 prihl\u00e1sen\u00e9 a z\u00fa\u010dastni\u0165 sa podujatia a\u017e tri osoby, ktor\u00fdch men\u00e1 sa uved\u00fa v prihl\u00e1\u0161ke (\u017eiadosti).<\/li>\n<\/ul>\n","protected":false},"excerpt":{"rendered":"<p>Vytv\u00e1rajte jednoduch\u00e9 aj zlo\u017eit\u00e9 tvary, upravujte farebnos\u0165, kombinujte ich s p\u00edsmom a tvorte \u00fa\u017easn\u00fa grafiku. Od dizajnu loga, cez jednotliv\u00e9 \u010dasti webu a\u017e po megaboard. Po\u010das workshopu si v programe Adobe Illustrator pod veden\u00edm sk\u00fasen\u00e9ho lektora navrhnete vlastn\u00fd let\u00e1k. Lektorom bude Mgr. art. Martin Z\u00e1humensk\u00fd\u00a0\u2013produktov\u00fd a grafick\u00fd dizajn\u00e9r, ktor\u00fd pri svojej dizajn\u00e9rskej a pedagogickej dr\u00e1he &#8230; <a title=\"Navrhuj grafiku v Adobe Illustrator!\" class=\"read-more\" href=\"https:\/\/www.krajskakniznicazilina.sk\/index.php\/2019\/10\/30\/navrhuj-grafiku-v-adobe-illustrator\/\" aria-label=\"Pre\u010d\u00edtajte si viac o Navrhuj grafiku v Adobe Illustrator!\">\u010c\u00edta\u0165 viac<\/a><\/p>\n","protected":false},"author":1,"featured_media":0,"comment_status":"open","ping_status":"open","sticky":false,"template":"","format":"image","meta":{"footnotes":""},"categories":[12,20],"tags":[],"class_list":["post-4603","post","type-post","status-publish","format-image","hentry","category-podujatie","category-workshop","post_format-post-format-image"],"_links":{"self":[{"href":"https:\/\/www.krajskakniznicazilina.sk\/index.php\/wp-json\/wp\/v2\/posts\/4603","targetHints":{"allow":["GET"]}}],"collection":[{"href":"https:\/\/www.krajskakniznicazilina.sk\/index.php\/wp-json\/wp\/v2\/posts"}],"about":[{"href":"https:\/\/www.krajskakniznicazilina.sk\/index.php\/wp-json\/wp\/v2\/types\/post"}],"author":[{"embeddable":true,"href":"https:\/\/www.krajskakniznicazilina.sk\/index.php\/wp-json\/wp\/v2\/users\/1"}],"replies":[{"embeddable":true,"href":"https:\/\/www.krajskakniznicazilina.sk\/index.php\/wp-json\/wp\/v2\/comments?post=4603"}],"version-history":[{"count":2,"href":"https:\/\/www.krajskakniznicazilina.sk\/index.php\/wp-json\/wp\/v2\/posts\/4603\/revisions"}],"predecessor-version":[{"id":4605,"href":"https:\/\/www.krajskakniznicazilina.sk\/index.php\/wp-json\/wp\/v2\/posts\/4603\/revisions\/4605"}],"wp:attachment":[{"href":"https:\/\/www.krajskakniznicazilina.sk\/index.php\/wp-json\/wp\/v2\/media?parent=4603"}],"wp:term":[{"taxonomy":"category","embeddable":true,"href":"https:\/\/www.krajskakniznicazilina.sk\/index.php\/wp-json\/wp\/v2\/categories?post=4603"},{"taxonomy":"post_tag","embeddable":true,"href":"https:\/\/www.krajskakniznicazilina.sk\/index.php\/wp-json\/wp\/v2\/tags?post=4603"}],"curies":[{"name":"wp","href":"https:\/\/api.w.org\/{rel}","templated":true}]}}