{"id":4611,"date":"2019-10-03T13:44:39","date_gmt":"2019-10-03T11:44:39","guid":{"rendered":"https:\/\/www.krajskakniznicazilina.sk\/?p=4611"},"modified":"2019-10-25T07:48:23","modified_gmt":"2019-10-25T05:48:23","slug":"rozvoj-komunikacnych-zrucnosti-knihovnikov","status":"publish","type":"post","link":"https:\/\/www.krajskakniznicazilina.sk\/index.php\/2019\/10\/03\/rozvoj-komunikacnych-zrucnosti-knihovnikov\/","title":{"rendered":"Rozvoj komunika\u010dn\u00fdch zru\u010dnost\u00ed knihovn\u00edkov"},"content":{"rendered":"<p style=\"text-align: justify;\"><a href=\"https:\/\/www.krajskakniznicazilina.sk\/clanky\/2019\/10\/rozvoj%20kom.jpg\"><img decoding=\"async\" class=\"alignright size-thumbnail\" src=\"https:\/\/www.krajskakniznicazilina.sk\/clanky\/2019\/10\/rozvoj%20kom.jpg\" width=\"40%\" height=\"40%\" \/><\/a>Dvojd\u0148ov\u00e9 vzdel\u00e1vacie podujatie Rozvoj komunika\u010dn\u00fdch zru\u010dnost\u00ed knihovn\u00edkov pre skvalitnenie slu\u017eieb pou\u017e\u00edvate\u013eom sa zameriava na spolo\u010densk\u00fa a psychologick\u00fa efekt\u00edvnu komunik\u00e1ciu knihovn\u00edkov v interakcii s n\u00e1v\u0161tevn\u00edkmi kni\u017en\u00edc. Vzdel\u00e1vanie a praktick\u00fd tr\u00e9ning, ktor\u00e9 sa realizuj\u00fa v r\u00e1mci projektu Vzdel\u00e1vanie knihovn\u00edkov v oblasti komunika\u010dn\u00fdch a digit\u00e1lnych zru\u010dnost\u00ed, z verejn\u00fdch zdrojov podporil Fond na podporu umenia.<\/p>\n<p style=\"text-align: justify;\">Podujatie sa kon\u00e1 v Krajskej kni\u017enici v \u017diline v dvoch cykloch (3.-4.10.2019 a 24.-25.10.2019, v\u017edy od 10:00 hod.).<\/p>\n","protected":false},"excerpt":{"rendered":"<p>Dvojd\u0148ov\u00e9 vzdel\u00e1vacie podujatie Rozvoj komunika\u010dn\u00fdch zru\u010dnost\u00ed knihovn\u00edkov pre skvalitnenie slu\u017eieb pou\u017e\u00edvate\u013eom sa zameriava na spolo\u010densk\u00fa a psychologick\u00fa efekt\u00edvnu komunik\u00e1ciu knihovn\u00edkov v interakcii s n\u00e1v\u0161tevn\u00edkmi kni\u017en\u00edc. Vzdel\u00e1vanie a praktick\u00fd tr\u00e9ning, ktor\u00e9 sa realizuj\u00fa v r\u00e1mci projektu Vzdel\u00e1vanie knihovn\u00edkov v oblasti komunika\u010dn\u00fdch a digit\u00e1lnych zru\u010dnost\u00ed, z verejn\u00fdch zdrojov podporil Fond na podporu umenia. Podujatie sa kon\u00e1 v &#8230; <a title=\"Rozvoj komunika\u010dn\u00fdch zru\u010dnost\u00ed knihovn\u00edkov\" class=\"read-more\" href=\"https:\/\/www.krajskakniznicazilina.sk\/index.php\/2019\/10\/03\/rozvoj-komunikacnych-zrucnosti-knihovnikov\/\" aria-label=\"Pre\u010d\u00edtajte si viac o Rozvoj komunika\u010dn\u00fdch zru\u010dnost\u00ed knihovn\u00edkov\">\u010c\u00edta\u0165 viac<\/a><\/p>\n","protected":false},"author":1,"featured_media":0,"comment_status":"open","ping_status":"open","sticky":false,"template":"","format":"image","meta":{"footnotes":""},"categories":[1],"tags":[],"class_list":["post-4611","post","type-post","status-publish","format-image","hentry","category-oznam","post_format-post-format-image"],"_links":{"self":[{"href":"https:\/\/www.krajskakniznicazilina.sk\/index.php\/wp-json\/wp\/v2\/posts\/4611","targetHints":{"allow":["GET"]}}],"collection":[{"href":"https:\/\/www.krajskakniznicazilina.sk\/index.php\/wp-json\/wp\/v2\/posts"}],"about":[{"href":"https:\/\/www.krajskakniznicazilina.sk\/index.php\/wp-json\/wp\/v2\/types\/post"}],"author":[{"embeddable":true,"href":"https:\/\/www.krajskakniznicazilina.sk\/index.php\/wp-json\/wp\/v2\/users\/1"}],"replies":[{"embeddable":true,"href":"https:\/\/www.krajskakniznicazilina.sk\/index.php\/wp-json\/wp\/v2\/comments?post=4611"}],"version-history":[{"count":1,"href":"https:\/\/www.krajskakniznicazilina.sk\/index.php\/wp-json\/wp\/v2\/posts\/4611\/revisions"}],"predecessor-version":[{"id":4612,"href":"https:\/\/www.krajskakniznicazilina.sk\/index.php\/wp-json\/wp\/v2\/posts\/4611\/revisions\/4612"}],"wp:attachment":[{"href":"https:\/\/www.krajskakniznicazilina.sk\/index.php\/wp-json\/wp\/v2\/media?parent=4611"}],"wp:term":[{"taxonomy":"category","embeddable":true,"href":"https:\/\/www.krajskakniznicazilina.sk\/index.php\/wp-json\/wp\/v2\/categories?post=4611"},{"taxonomy":"post_tag","embeddable":true,"href":"https:\/\/www.krajskakniznicazilina.sk\/index.php\/wp-json\/wp\/v2\/tags?post=4611"}],"curies":[{"name":"wp","href":"https:\/\/api.w.org\/{rel}","templated":true}]}}