{"id":4674,"date":"2019-11-13T15:06:38","date_gmt":"2019-11-13T14:06:38","guid":{"rendered":"https:\/\/www.krajskakniznicazilina.sk\/?p=4674"},"modified":"2019-11-13T15:06:38","modified_gmt":"2019-11-13T14:06:38","slug":"kniznica-v-zivote-dietata-iii-rocnik","status":"publish","type":"post","link":"https:\/\/www.krajskakniznicazilina.sk\/index.php\/2019\/11\/13\/kniznica-v-zivote-dietata-iii-rocnik\/","title":{"rendered":"Kni\u017enica v \u017eivote die\u0165a\u0165a &#8211; III. ro\u010dn\u00edk"},"content":{"rendered":"<p style=\"text-align: justify;\"><a href=\"https:\/\/www.krajskakniznicazilina.sk\/clanky\/2019\/11\/kni%C5%BEnica%20v%20%C5%BEivote.jpg\"><img decoding=\"async\" class=\"alignright size-thumbnail\" src=\"https:\/\/www.krajskakniznicazilina.sk\/clanky\/2019\/11\/kni%C5%BEnica%20v%20%C5%BEivote.jpg\" width=\"40%\" height=\"40%\" \/><\/a>Celoslovensk\u00fd odborn\u00fd semin\u00e1r zameran\u00fd na rozvoj \u010d\u00edtania a \u010ditate\u013eskej gramotnosti t\u00edned\u017eerov alebo ako prebudi\u0165 \u201en\u00e1s\u0165ro\u010dn\u00fa\u201c t\u00edned\u017eersk\u00fa \u010ditate\u013esk\u00fa du\u0161u. <strong>15. novembra 2019 od 08:15<\/strong> v\u00a0 Krajskej kni\u017enici v \u017diline.<\/p>\n<h4 style=\"text-align: justify;\"><strong>Program podujatia<\/strong><\/h4>\n<p style=\"text-align: justify;\">08:00\u00a0 Prezencia \u00fa\u010dastn\u00edkov<\/p>\n<p style=\"text-align: justify;\">08:15\u00a0 Mgr. Katar\u00edna \u0160u\u0161oliakov\u00e1, riadite\u013eka Krajskej kni\u017enice v \u017diline<br \/>\n<strong>Priv\u00edtanie \u00fa\u010dastn\u00edkov<\/strong><!--more--><\/p>\n<ul style=\"text-align: justify;\">\n<li>Bc. Goran Len\u010do, Mgr. Jaroslava R\u00e1cov\u00e1<br \/>\n<strong>Podujatia na podporu \u010d\u00edtania pre t\u00edned\u017eerov v Krajskej kni\u017enici v \u017diline &#8211; sk\u00fasenosti a pr\u00edklady dobrej praxe<\/strong> (predn\u00e1\u0161ka)<\/li>\n<\/ul>\n<p style=\"text-align: justify;\">08:45\u00a0 PhDr. \u013dudmila Hrdin\u00e1kov\u00e1, PhD.<\/p>\n<ul style=\"text-align: justify;\">\n<li><strong>Cesty t\u00edned\u017eersk\u00e9ho \u010ditate\u013estva &#8211; cesty za \u0161\u0165ast\u00edm a\u00a0m\u00fadros\u0165ou<\/strong> (predn\u00e1\u0161ka)<br \/>\nTEENS &#8211; deti ve\u013ek\u00fdch vzplanut\u00ed a por\u00e1\u017eok v cudzom meste (charakteristika t\u00edned\u017eera ako recipienta).<br \/>\nKniha za rohom &#8211; cesty knihy za \u010ditate\u013eom (k postaveniu knihy v \u017eivote s\u00fa\u010dasn\u00e9ho t\u00edned\u017eera).<br \/>\nKniha v dlani &#8211; cesty \u010ditate\u013ea ku knihe (motiva\u010dn\u00e9 strat\u00e9gie).<br \/>\nS knihou v srdci &#8211; potenci\u00e1l knihy pre t\u00edned\u017eersk\u00e9ho \u010ditate\u013ea.<\/li>\n<\/ul>\n<p style=\"text-align: justify;\">09:30\u00a0 Mgr. Tibor Hujdi\u010d alias p\u00e1n Mrkvi\u010dka<\/p>\n<ul style=\"text-align: justify;\">\n<li><strong>Ako vybabra\u0165 s celo\u0161t\u00e1tnym pr\u00edsnym z\u00e1kazom \u010d\u00edtania na druhom stupni z\u00e1kladnej \u0161koly. Alebo o tom, ako v \u0161kole rozv\u00edja\u0165 kult\u00faru \u010d\u00edtania<\/strong> (predn\u00e1\u0161ka)<br \/>\nMno\u017estvo det\u00ed, ktor\u00e9 sa na prvom stupni stali \u010ditate\u013emi, v priebehu piateho ro\u010dn\u00edka prestane \u010d\u00edta\u0165. \u010c\u00edm to je? Ako tomu zabr\u00e1ni\u0165? To bud\u00fa hlavn\u00e9 t\u00e9my predn\u00e1\u0161ky.<\/li>\n<\/ul>\n<p style=\"text-align: justify;\">10:30\u00a0 <strong>Prest\u00e1vka na k\u00e1vu<\/strong><\/p>\n<p style=\"text-align: justify;\">10:45\u00a0 Mgr. Tibor Hujdi\u010d alias p\u00e1n Mrkvi\u010dka<\/p>\n<ul style=\"text-align: justify;\">\n<li><strong>Kni\u017en\u00e9 h\u00e1danky<\/strong> (uk\u00e1\u017ekov\u00e9 podujatie pre \u017eiakov II. stup\u0148a Z\u0160)<br \/>\nCie\u013eom Kni\u017en\u00fdch h\u00e1daniek je predstavi\u0165 5 a\u017e 10 \u0161pi\u010dkov\u00fdch s\u00fa\u010dasn\u00fdch kn\u00edh pre ml\u00e1de\u017e a \u010d\u00edtan\u00edm uk\u00e1\u017eok z nich in\u0161pirova\u0165 k ich pre\u010d\u00edtaniu.<br \/>\nH\u00e1danky sa odohr\u00e1vaj\u00fa formou kv\u00edzu, pri ktorom \u017eiaci v skupink\u00e1ch h\u00e1daj\u00fa, ktor\u00fd text je z ktorej knihy.<\/li>\n<\/ul>\n<p style=\"text-align: justify;\">11:45\u00a0 <strong>Prest\u00e1vka na obed<\/strong><\/p>\n<p style=\"text-align: justify;\">12:30\u00a0 Ji\u0159\u00ed Walker Proch\u00e1zka<\/p>\n<ul style=\"text-align: justify;\">\n<li><strong>Fantastika v kni\u017enici &#8211; Komiksy hrav\u00e9 a drav\u00e9<\/strong> (uk\u00e1\u017ekov\u00e9 podujatie pre \u017eiakov II. stup\u0148a Z\u0160)<br \/>\nPozn\u00e1vac\u00ed workshop o hist\u00f3rii komiksov od starovek\u00fdch egyptsk\u00fdch malieb\u00a0 cez stredovek\u00e9 tapis\u00e9rie a\u017e po legendy s\u00fa\u010dasn\u00e9ho komiksu.<br \/>\n\u017diaci sa workshopu z\u00fa\u010dastnia akt\u00edvne v\u010faka hrav\u00fdm pracovn\u00fdm listom.<\/li>\n<\/ul>\n<p style=\"text-align: justify;\">13:30\u00a0 Mgr. Kl\u00e1ra Smol\u00edkov\u00e1<\/p>\n<ul style=\"text-align: justify;\">\n<li><strong>Pr\u00e1ca s knihou &#8211; Cesty ku \u010ditate\u013eskej gramotnosti<\/strong> (predn\u00e1\u0161ka)<br \/>\nPestr\u00fd &#8222;n\u00e1padn\u00ed\u010dek&#8220; atrakt\u00edvnych met\u00f3d a postupov pre pr\u00e1cu s knihou, in\u0161pirovan\u00fd postupmi \u00a0m\u00fazejnej pedagogiky i praktick\u00fdmi \u010ditate\u013esk\u00fdmi diel\u0148ami.<br \/>\nVzbudi\u0165 z\u00e1ujem o \u010d\u00edtanie a pribl\u00ed\u017ei\u0165 svet kn\u00edh m\u00f4\u017eu nielen pr\u00edbehy v knih\u00e1ch ukryt\u00e9, ale tie\u017e pr\u00edbehy kn\u00edh samotn\u00fdch.<\/li>\n<\/ul>\n<p style=\"text-align: justify;\">\u00da\u010dastn\u00edkov \u010dakaj\u00fa praktick\u00e9 uk\u00e1\u017eky i zamyslenie sa nad vz\u0165ahom \u010ditate\u013eskej gramotnosti a \u010ditate\u013estva.<\/p>\n","protected":false},"excerpt":{"rendered":"<p>Celoslovensk\u00fd odborn\u00fd semin\u00e1r zameran\u00fd na rozvoj \u010d\u00edtania a \u010ditate\u013eskej gramotnosti t\u00edned\u017eerov alebo ako prebudi\u0165 \u201en\u00e1s\u0165ro\u010dn\u00fa\u201c t\u00edned\u017eersk\u00fa \u010ditate\u013esk\u00fa du\u0161u. 15. novembra 2019 od 08:15 v\u00a0 Krajskej kni\u017enici v \u017diline. Program podujatia 08:00\u00a0 Prezencia \u00fa\u010dastn\u00edkov 08:15\u00a0 Mgr. Katar\u00edna \u0160u\u0161oliakov\u00e1, riadite\u013eka Krajskej kni\u017enice v \u017diline Priv\u00edtanie \u00fa\u010dastn\u00edkov<\/p>\n","protected":false},"author":1,"featured_media":0,"comment_status":"open","ping_status":"open","sticky":false,"template":"","format":"image","meta":{"footnotes":""},"categories":[12,22],"tags":[],"class_list":["post-4674","post","type-post","status-publish","format-image","hentry","category-podujatie","category-prednaska","post_format-post-format-image"],"_links":{"self":[{"href":"https:\/\/www.krajskakniznicazilina.sk\/index.php\/wp-json\/wp\/v2\/posts\/4674","targetHints":{"allow":["GET"]}}],"collection":[{"href":"https:\/\/www.krajskakniznicazilina.sk\/index.php\/wp-json\/wp\/v2\/posts"}],"about":[{"href":"https:\/\/www.krajskakniznicazilina.sk\/index.php\/wp-json\/wp\/v2\/types\/post"}],"author":[{"embeddable":true,"href":"https:\/\/www.krajskakniznicazilina.sk\/index.php\/wp-json\/wp\/v2\/users\/1"}],"replies":[{"embeddable":true,"href":"https:\/\/www.krajskakniznicazilina.sk\/index.php\/wp-json\/wp\/v2\/comments?post=4674"}],"version-history":[{"count":5,"href":"https:\/\/www.krajskakniznicazilina.sk\/index.php\/wp-json\/wp\/v2\/posts\/4674\/revisions"}],"predecessor-version":[{"id":4679,"href":"https:\/\/www.krajskakniznicazilina.sk\/index.php\/wp-json\/wp\/v2\/posts\/4674\/revisions\/4679"}],"wp:attachment":[{"href":"https:\/\/www.krajskakniznicazilina.sk\/index.php\/wp-json\/wp\/v2\/media?parent=4674"}],"wp:term":[{"taxonomy":"category","embeddable":true,"href":"https:\/\/www.krajskakniznicazilina.sk\/index.php\/wp-json\/wp\/v2\/categories?post=4674"},{"taxonomy":"post_tag","embeddable":true,"href":"https:\/\/www.krajskakniznicazilina.sk\/index.php\/wp-json\/wp\/v2\/tags?post=4674"}],"curies":[{"name":"wp","href":"https:\/\/api.w.org\/{rel}","templated":true}]}}