{"id":4687,"date":"2019-11-14T07:42:44","date_gmt":"2019-11-14T06:42:44","guid":{"rendered":"https:\/\/www.krajskakniznicazilina.sk\/?p=4687"},"modified":"2019-11-13T17:07:38","modified_gmt":"2019-11-13T16:07:38","slug":"rozpravanie-o-sri-lanke","status":"publish","type":"post","link":"https:\/\/www.krajskakniznicazilina.sk\/index.php\/2019\/11\/14\/rozpravanie-o-sri-lanke\/","title":{"rendered":"Rozpr\u00e1vanie o Sr\u00ed Lanke"},"content":{"rendered":"<p style=\"text-align: justify;\"><a href=\"https:\/\/www.krajskakniznicazilina.sk\/clanky\/2019\/11\/sr%C3%AD%20lanka.jpg\"><img decoding=\"async\" class=\"alignleft size-thumbnail\" src=\"https:\/\/www.krajskakniznicazilina.sk\/clanky\/2019\/11\/sr%C3%AD%20lanka.jpg\" width=\"40%\" height=\"40%\" \/><\/a>Ako sa\u00a0 \u017eije v raji? Sr\u00ed Lanka pon\u00faka v\u0161etko \u2013 oce\u00e1n, d\u017eung\u013eu, \u010dajov\u00e9 plant\u00e1\u017ee, vlny na surf, \u010derstv\u00e9 tropick\u00e9 ovocie, \u00fa\u017easn\u00fa kuchy\u0148u a pr\u00edjemn\u00fdch \u013eud\u00ed. M\u00f4\u017eete sa te\u0161i\u0165 na fotografie, vide\u00e1 a z\u00e1\u017eitky zo 6-mesa\u010dnej cesty Sr\u00ed Lankou Jakuba Franka. Pr\u00ed\u010fte do Krajskej kni\u017enice v \u017diline v piatok<strong> 22. novembra o 16:00<\/strong>.<\/p>\n","protected":false},"excerpt":{"rendered":"<p>Ako sa\u00a0 \u017eije v raji? Sr\u00ed Lanka pon\u00faka v\u0161etko \u2013 oce\u00e1n, d\u017eung\u013eu, \u010dajov\u00e9 plant\u00e1\u017ee, vlny na surf, \u010derstv\u00e9 tropick\u00e9 ovocie, \u00fa\u017easn\u00fa kuchy\u0148u a pr\u00edjemn\u00fdch \u013eud\u00ed. M\u00f4\u017eete sa te\u0161i\u0165 na fotografie, vide\u00e1 a z\u00e1\u017eitky zo 6-mesa\u010dnej cesty Sr\u00ed Lankou Jakuba Franka. Pr\u00ed\u010fte do Krajskej kni\u017enice v \u017diline v piatok 22. novembra o 16:00.<\/p>\n","protected":false},"author":1,"featured_media":0,"comment_status":"open","ping_status":"open","sticky":false,"template":"","format":"image","meta":{"footnotes":""},"categories":[24,21],"tags":[],"class_list":["post-4687","post","type-post","status-publish","format-image","hentry","category-beseda","category-cestovatelska-beseda","post_format-post-format-image"],"_links":{"self":[{"href":"https:\/\/www.krajskakniznicazilina.sk\/index.php\/wp-json\/wp\/v2\/posts\/4687","targetHints":{"allow":["GET"]}}],"collection":[{"href":"https:\/\/www.krajskakniznicazilina.sk\/index.php\/wp-json\/wp\/v2\/posts"}],"about":[{"href":"https:\/\/www.krajskakniznicazilina.sk\/index.php\/wp-json\/wp\/v2\/types\/post"}],"author":[{"embeddable":true,"href":"https:\/\/www.krajskakniznicazilina.sk\/index.php\/wp-json\/wp\/v2\/users\/1"}],"replies":[{"embeddable":true,"href":"https:\/\/www.krajskakniznicazilina.sk\/index.php\/wp-json\/wp\/v2\/comments?post=4687"}],"version-history":[{"count":2,"href":"https:\/\/www.krajskakniznicazilina.sk\/index.php\/wp-json\/wp\/v2\/posts\/4687\/revisions"}],"predecessor-version":[{"id":4689,"href":"https:\/\/www.krajskakniznicazilina.sk\/index.php\/wp-json\/wp\/v2\/posts\/4687\/revisions\/4689"}],"wp:attachment":[{"href":"https:\/\/www.krajskakniznicazilina.sk\/index.php\/wp-json\/wp\/v2\/media?parent=4687"}],"wp:term":[{"taxonomy":"category","embeddable":true,"href":"https:\/\/www.krajskakniznicazilina.sk\/index.php\/wp-json\/wp\/v2\/categories?post=4687"},{"taxonomy":"post_tag","embeddable":true,"href":"https:\/\/www.krajskakniznicazilina.sk\/index.php\/wp-json\/wp\/v2\/tags?post=4687"}],"curies":[{"name":"wp","href":"https:\/\/api.w.org\/{rel}","templated":true}]}}