{"id":4690,"date":"2019-11-15T08:13:45","date_gmt":"2019-11-15T07:13:45","guid":{"rendered":"https:\/\/www.krajskakniznicazilina.sk\/?p=4690"},"modified":"2019-11-13T17:09:31","modified_gmt":"2019-11-13T16:09:31","slug":"ludove-tradicie-v-kniznici-vianoce-sa-blizia","status":"publish","type":"post","link":"https:\/\/www.krajskakniznicazilina.sk\/index.php\/2019\/11\/15\/ludove-tradicie-v-kniznici-vianoce-sa-blizia\/","title":{"rendered":"\u013dudov\u00e9 trad\u00edcie v kni\u017enici &#8211; vianoce sa bl\u00ed\u017eia"},"content":{"rendered":"<p style=\"text-align: justify;\"><a href=\"https:\/\/www.krajskakniznicazilina.sk\/clanky\/2019\/11\/%C4%BEud%20trad%20vianoce.jpg\"><img decoding=\"async\" class=\"alignright size-thumbnail\" src=\"https:\/\/www.krajskakniznicazilina.sk\/clanky\/2019\/11\/%C4%BEud%20trad%20vianoce.jpg\" width=\"40%\" height=\"40%\" \/><\/a>Ak m\u00e1te radi \u013eudov\u00e9 trad\u00edcie, pr\u00ed\u010fte medzi n\u00e1s do Krajskej kni\u017enice v\u00a0\u017diline v\u00a0piatok<strong> 22. novembra o\u00a013:30<\/strong>. Rozpr\u00e1va\u0165 sa budeme o Viano\u010dn\u00fdch zvykoch na Slovensku a\u00a0 spolu si zaspievame aj viano\u010dn\u00e9 piesne a pribl\u00ed\u017eime si \u010darovn\u00fa atmosf\u00e9ru Vianoc.<\/p>\n","protected":false},"excerpt":{"rendered":"<p>Ak m\u00e1te radi \u013eudov\u00e9 trad\u00edcie, pr\u00ed\u010fte medzi n\u00e1s do Krajskej kni\u017enice v\u00a0\u017diline v\u00a0piatok 22. novembra o\u00a013:30. Rozpr\u00e1va\u0165 sa budeme o Viano\u010dn\u00fdch zvykoch na Slovensku a\u00a0 spolu si zaspievame aj viano\u010dn\u00e9 piesne a pribl\u00ed\u017eime si \u010darovn\u00fa atmosf\u00e9ru Vianoc.<\/p>\n","protected":false},"author":1,"featured_media":0,"comment_status":"open","ping_status":"open","sticky":false,"template":"","format":"image","meta":{"footnotes":""},"categories":[23,38],"tags":[],"class_list":["post-4690","post","type-post","status-publish","format-image","hentry","category-klub","category-klub-rucnych-prac","post_format-post-format-image"],"_links":{"self":[{"href":"https:\/\/www.krajskakniznicazilina.sk\/index.php\/wp-json\/wp\/v2\/posts\/4690","targetHints":{"allow":["GET"]}}],"collection":[{"href":"https:\/\/www.krajskakniznicazilina.sk\/index.php\/wp-json\/wp\/v2\/posts"}],"about":[{"href":"https:\/\/www.krajskakniznicazilina.sk\/index.php\/wp-json\/wp\/v2\/types\/post"}],"author":[{"embeddable":true,"href":"https:\/\/www.krajskakniznicazilina.sk\/index.php\/wp-json\/wp\/v2\/users\/1"}],"replies":[{"embeddable":true,"href":"https:\/\/www.krajskakniznicazilina.sk\/index.php\/wp-json\/wp\/v2\/comments?post=4690"}],"version-history":[{"count":2,"href":"https:\/\/www.krajskakniznicazilina.sk\/index.php\/wp-json\/wp\/v2\/posts\/4690\/revisions"}],"predecessor-version":[{"id":4692,"href":"https:\/\/www.krajskakniznicazilina.sk\/index.php\/wp-json\/wp\/v2\/posts\/4690\/revisions\/4692"}],"wp:attachment":[{"href":"https:\/\/www.krajskakniznicazilina.sk\/index.php\/wp-json\/wp\/v2\/media?parent=4690"}],"wp:term":[{"taxonomy":"category","embeddable":true,"href":"https:\/\/www.krajskakniznicazilina.sk\/index.php\/wp-json\/wp\/v2\/categories?post=4690"},{"taxonomy":"post_tag","embeddable":true,"href":"https:\/\/www.krajskakniznicazilina.sk\/index.php\/wp-json\/wp\/v2\/tags?post=4690"}],"curies":[{"name":"wp","href":"https:\/\/api.w.org\/{rel}","templated":true}]}}