{"id":4698,"date":"2019-11-19T09:19:55","date_gmt":"2019-11-19T08:19:55","guid":{"rendered":"https:\/\/www.krajskakniznicazilina.sk\/?p=4698"},"modified":"2019-11-13T17:22:19","modified_gmt":"2019-11-13T16:22:19","slug":"biblosko-nadprirodzene-bytosti","status":"publish","type":"post","link":"https:\/\/www.krajskakniznicazilina.sk\/index.php\/2019\/11\/19\/biblosko-nadprirodzene-bytosti\/","title":{"rendered":"Biblosko &#8211; nadprirodzen\u00e9 bytosti"},"content":{"rendered":"<p style=\"text-align: justify;\"><a href=\"https:\/\/www.krajskakniznicazilina.sk\/menu\/podu\/klub\/biblosko.jpg\"><img decoding=\"async\" class=\"alignright size-thumbnail\" src=\"https:\/\/www.krajskakniznicazilina.sk\/menu\/podu\/klub\/biblosko.jpg\" width=\"40%\" height=\"40%\" \/><\/a>Mal\u00fdm \u010ditate\u013eom predstav\u00edme ob\u013e\u00faben\u00e9 nadprirodzen\u00e9 bytosti a zn\u00e1me svetov\u00e9, ale najm\u00e4 slovensk\u00e9 kni\u017en\u00e9 pr\u00edbehy, v ktor\u00fdch sa vyskytuj\u00fa. Za\u017eijeme nap\u00e4tie i humor a vyprav\u00edme sa do sveta rozpr\u00e1vok. Pozrieme sa na z\u00fabok klasikom, ve\u010f tu nesmie ch\u00fdba\u0165 n\u00e1\u0161 Pavol Dob\u0161insk\u00fd, ale aj modern\u00fdm klasikom ako je napr\u00edklad Ondrej Sliacky a dostaneme sa a\u017e k s\u00fa\u010dasn\u00fdm autorom, za v\u0161etk\u00fdch spome\u0148me napr\u00edklad Igora V\u00e1leka. Op\u00e4\u0165 v\u00e1s srde\u010dne priv\u00edtame v utorok<strong> 26. novembra o 16:00<\/strong>.<\/p>\n","protected":false},"excerpt":{"rendered":"<p>Mal\u00fdm \u010ditate\u013eom predstav\u00edme ob\u013e\u00faben\u00e9 nadprirodzen\u00e9 bytosti a zn\u00e1me svetov\u00e9, ale najm\u00e4 slovensk\u00e9 kni\u017en\u00e9 pr\u00edbehy, v ktor\u00fdch sa vyskytuj\u00fa. Za\u017eijeme nap\u00e4tie i humor a vyprav\u00edme sa do sveta rozpr\u00e1vok. Pozrieme sa na z\u00fabok klasikom, ve\u010f tu nesmie ch\u00fdba\u0165 n\u00e1\u0161 Pavol Dob\u0161insk\u00fd, ale aj modern\u00fdm klasikom ako je napr\u00edklad Ondrej Sliacky a dostaneme sa a\u017e k s\u00fa\u010dasn\u00fdm &#8230; <a title=\"Biblosko &#8211; nadprirodzen\u00e9 bytosti\" class=\"read-more\" href=\"https:\/\/www.krajskakniznicazilina.sk\/index.php\/2019\/11\/19\/biblosko-nadprirodzene-bytosti\/\" aria-label=\"Pre\u010d\u00edtajte si viac o Biblosko &#8211; nadprirodzen\u00e9 bytosti\">\u010c\u00edta\u0165 viac<\/a><\/p>\n","protected":false},"author":1,"featured_media":0,"comment_status":"open","ping_status":"open","sticky":false,"template":"","format":"image","meta":{"footnotes":""},"categories":[32,23],"tags":[],"class_list":["post-4698","post","type-post","status-publish","format-image","hentry","category-biblosko","category-klub","post_format-post-format-image"],"_links":{"self":[{"href":"https:\/\/www.krajskakniznicazilina.sk\/index.php\/wp-json\/wp\/v2\/posts\/4698","targetHints":{"allow":["GET"]}}],"collection":[{"href":"https:\/\/www.krajskakniznicazilina.sk\/index.php\/wp-json\/wp\/v2\/posts"}],"about":[{"href":"https:\/\/www.krajskakniznicazilina.sk\/index.php\/wp-json\/wp\/v2\/types\/post"}],"author":[{"embeddable":true,"href":"https:\/\/www.krajskakniznicazilina.sk\/index.php\/wp-json\/wp\/v2\/users\/1"}],"replies":[{"embeddable":true,"href":"https:\/\/www.krajskakniznicazilina.sk\/index.php\/wp-json\/wp\/v2\/comments?post=4698"}],"version-history":[{"count":1,"href":"https:\/\/www.krajskakniznicazilina.sk\/index.php\/wp-json\/wp\/v2\/posts\/4698\/revisions"}],"predecessor-version":[{"id":4699,"href":"https:\/\/www.krajskakniznicazilina.sk\/index.php\/wp-json\/wp\/v2\/posts\/4698\/revisions\/4699"}],"wp:attachment":[{"href":"https:\/\/www.krajskakniznicazilina.sk\/index.php\/wp-json\/wp\/v2\/media?parent=4698"}],"wp:term":[{"taxonomy":"category","embeddable":true,"href":"https:\/\/www.krajskakniznicazilina.sk\/index.php\/wp-json\/wp\/v2\/categories?post=4698"},{"taxonomy":"post_tag","embeddable":true,"href":"https:\/\/www.krajskakniznicazilina.sk\/index.php\/wp-json\/wp\/v2\/tags?post=4698"}],"curies":[{"name":"wp","href":"https:\/\/api.w.org\/{rel}","templated":true}]}}