{"id":4879,"date":"2020-01-22T17:14:16","date_gmt":"2020-01-22T16:14:16","guid":{"rendered":"https:\/\/www.krajskakniznicazilina.sk\/?p=4879"},"modified":"2020-03-26T13:18:07","modified_gmt":"2020-03-26T12:18:07","slug":"kniha-horneho-povazia-2019","status":"publish","type":"post","link":"https:\/\/www.krajskakniznicazilina.sk\/index.php\/2020\/01\/22\/kniha-horneho-povazia-2019\/","title":{"rendered":"Kniha Horn\u00e9ho Pova\u017eia 2019"},"content":{"rendered":"<p style=\"text-align: justify;\"><a href=\"https:\/\/www.krajskakniznicazilina.sk\/clanky\/2020\/01\/khp19.jpg\"><img decoding=\"async\" class=\"alignleft size-thumbnail\" src=\"https:\/\/www.krajskakniznicazilina.sk\/clanky\/2020\/01\/khp19.jpg\" width=\"40%\" height=\"40%\" \/><\/a>14. ro\u010dn\u00edk \u010ditate\u013eskej s\u00fa\u0165a\u017ee Kniha Horn\u00e9ho Pova\u017eia 2019. Cie\u013eom s\u00fa\u0165a\u017ee je predstavi\u0165 verejnosti tvorbu a\u00a0 osobnosti autorov \u017eij\u00facich a p\u00f4sobiacich v regi\u00f3ne Horn\u00e9 Pova\u017eie.<\/p>\n<p style=\"text-align: justify;\">Nominova\u0165 knihy m\u00f4\u017ee \u010ditate\u013esk\u00e1 verejnos\u0165, autori, zostavovatelia, redaktori, vydavatelia, kn\u00edhkupci \u010di distrib\u00fatori kn\u00edh. Do s\u00fa\u0165a\u017ee m\u00f4\u017eu by\u0165 zaraden\u00e9 knihy vydan\u00e9 v roku 2019, s\u00fa sp\u00e4t\u00e9 s regi\u00f3nom Horn\u00e9ho Pova\u017eia tematicky, alebo osobou autora textovej \u010di obrazovej \u010dasti\u00a0 a bolo im pridelen\u00e9 ISBN (<a href=\"http:\/\/www.krajskakniznicazilina.sk\/menu\/prekniz\/knihaHP\/khp2019prav.pdf\">pravidl\u00e1 s\u00fa\u0165a\u017ee<\/a>). Knihy bud\u00fa rozdelen\u00e9 do dvoch s\u00fa\u0165a\u017en\u00fdch kateg\u00f3ri\u00ed: beletria a odborn\u00e1 literat\u00fara.\u00a0<strong>Nomin\u00e1cie<\/strong> sa prij\u00edmaj\u00fa v term\u00edne od 22. janu\u00e1ra 2020 do 28. febru\u00e1ra 2020 &#8211; <a href=\"https:\/\/www.krajskakniznicazilina.sk\/menu\/prekniz\/knihaHP\/khp2019nl.pdf\"><strong>nomina\u010dn\u00fd list<\/strong><\/a>.<strong>\u00a0<\/strong><\/p>\n","protected":false},"excerpt":{"rendered":"<p>14. ro\u010dn\u00edk \u010ditate\u013eskej s\u00fa\u0165a\u017ee Kniha Horn\u00e9ho Pova\u017eia 2019. Cie\u013eom s\u00fa\u0165a\u017ee je predstavi\u0165 verejnosti tvorbu a\u00a0 osobnosti autorov \u017eij\u00facich a p\u00f4sobiacich v regi\u00f3ne Horn\u00e9 Pova\u017eie. Nominova\u0165 knihy m\u00f4\u017ee \u010ditate\u013esk\u00e1 verejnos\u0165, autori, zostavovatelia, redaktori, vydavatelia, kn\u00edhkupci \u010di distrib\u00fatori kn\u00edh. Do s\u00fa\u0165a\u017ee m\u00f4\u017eu by\u0165 zaraden\u00e9 knihy vydan\u00e9 v roku 2019, s\u00fa sp\u00e4t\u00e9 s regi\u00f3nom Horn\u00e9ho Pova\u017eia tematicky, alebo &#8230; <a title=\"Kniha Horn\u00e9ho Pova\u017eia 2019\" class=\"read-more\" href=\"https:\/\/www.krajskakniznicazilina.sk\/index.php\/2020\/01\/22\/kniha-horneho-povazia-2019\/\" aria-label=\"Pre\u010d\u00edtajte si viac o Kniha Horn\u00e9ho Pova\u017eia 2019\">\u010c\u00edta\u0165 viac<\/a><\/p>\n","protected":false},"author":1,"featured_media":0,"comment_status":"open","ping_status":"open","sticky":false,"template":"","format":"image","meta":{"footnotes":""},"categories":[40,1,16],"tags":[],"class_list":["post-4879","post","type-post","status-publish","format-image","hentry","category-kniha-horneho-povazia","category-oznam","category-sutaz","post_format-post-format-image"],"_links":{"self":[{"href":"https:\/\/www.krajskakniznicazilina.sk\/index.php\/wp-json\/wp\/v2\/posts\/4879","targetHints":{"allow":["GET"]}}],"collection":[{"href":"https:\/\/www.krajskakniznicazilina.sk\/index.php\/wp-json\/wp\/v2\/posts"}],"about":[{"href":"https:\/\/www.krajskakniznicazilina.sk\/index.php\/wp-json\/wp\/v2\/types\/post"}],"author":[{"embeddable":true,"href":"https:\/\/www.krajskakniznicazilina.sk\/index.php\/wp-json\/wp\/v2\/users\/1"}],"replies":[{"embeddable":true,"href":"https:\/\/www.krajskakniznicazilina.sk\/index.php\/wp-json\/wp\/v2\/comments?post=4879"}],"version-history":[{"count":4,"href":"https:\/\/www.krajskakniznicazilina.sk\/index.php\/wp-json\/wp\/v2\/posts\/4879\/revisions"}],"predecessor-version":[{"id":5125,"href":"https:\/\/www.krajskakniznicazilina.sk\/index.php\/wp-json\/wp\/v2\/posts\/4879\/revisions\/5125"}],"wp:attachment":[{"href":"https:\/\/www.krajskakniznicazilina.sk\/index.php\/wp-json\/wp\/v2\/media?parent=4879"}],"wp:term":[{"taxonomy":"category","embeddable":true,"href":"https:\/\/www.krajskakniznicazilina.sk\/index.php\/wp-json\/wp\/v2\/categories?post=4879"},{"taxonomy":"post_tag","embeddable":true,"href":"https:\/\/www.krajskakniznicazilina.sk\/index.php\/wp-json\/wp\/v2\/tags?post=4879"}],"curies":[{"name":"wp","href":"https:\/\/api.w.org\/{rel}","templated":true}]}}