{"id":4892,"date":"2020-02-04T16:09:39","date_gmt":"2020-02-04T15:09:39","guid":{"rendered":"https:\/\/www.krajskakniznicazilina.sk\/?p=4892"},"modified":"2023-02-10T09:12:30","modified_gmt":"2023-02-10T08:12:30","slug":"2-nominacie-na-knihu-horneho-povazia-2019","status":"publish","type":"post","link":"https:\/\/www.krajskakniznicazilina.sk\/index.php\/2020\/02\/04\/2-nominacie-na-knihu-horneho-povazia-2019\/","title":{"rendered":"2. nomin\u00e1cie na Knihu Horn\u00e9ho Pova\u017eia 2019"},"content":{"rendered":"<p>Od 22. janu\u00e1ra (do 28. febru\u00e1ra 2020) m\u00e1te mo\u017enos\u0165 nominova\u0165 knihy do s\u00fa\u0165a\u017ee Kniha Horn\u00e9ho Pova\u017eia 2019 \u2013\u00a0<a href=\"http:\/\/www.krajskakniznicazilina.sk\/menu\/prekniz\/knihaHP\/khp2019nl.pdf\">nomina\u010dn\u00fd list<\/a>. Nominovan\u00e9 m\u00f4\u017eu by\u0165 knihy, ktor\u00e9 boli vydan\u00e9 v roku 2019, s\u00fa sp\u00e4t\u00e9 s regi\u00f3nom Horn\u00e9ho Pova\u017eia tematicky alebo osobou autora textovej \u010di obrazovej \u010dasti a bolo im pridelen\u00e9 ISBN (<a href=\"http:\/\/www.krajskakniznicazilina.sk\/menu\/prekniz\/knihaHP\/khp2019prav.pdf\">pravidl\u00e1 s\u00fa\u0165a\u017ee<\/a>).<\/p>\n<p>Aktu\u00e1lne s\u00fa nominovan\u00e9:<\/p>\n<ul>\n<li>Kr\u00e1lik, M. a A. Pavelkov\u00e1 &#8211; \u010cas hrdinov II. Nov\u00e1 slovensk\u00e1 fantasy<\/li>\n<li>Len\u010dov\u00e1, B. &#8211; Planina snov<\/li>\n<li>Lajdov\u00e1, N. a I. Ur\u00edkov\u00e1 &#8211; Stanislav Lajda. V\u00fdberov\u00e1 person\u00e1lna bibliografia<\/li>\n<li>Mach\u00e1\u010dov\u00e1, A. &#8211; \u010co m\u00e1 ona a ja nie?<\/li>\n<li>Marec, A. &#8211; J\u00e1no\u0161\u00edk, J\u00e1no\u0161\u00edk&#8230; Povesti o najsl\u00e1vnej\u0161om zbojn\u00edkovi<\/li>\n<li>Jesensk\u00fd, M., Lacika, J. a M. Karl\u00edk &#8211; Najv\u00e4\u010d\u0161ie z\u00e1hady a myst\u00e9ri\u00e1 Slovenska 2<\/li>\n<li>Bend\u00edk, A., Bern\u00e1t, \u013d., Herchl, M. a L. Khandl &#8211; \u00datulne a chaty mal\u00e1 Fatra<\/li>\n<li>\u017dofia Bosnaikov\u00e1, Ve\u013ek\u00e1 kniha o\u00a0\u017eene viery a\u00a0l\u00e1sky<\/li>\n<\/ul>\n","protected":false},"excerpt":{"rendered":"<p>Od 22. janu\u00e1ra (do 28. febru\u00e1ra 2020) m\u00e1te mo\u017enos\u0165 nominova\u0165 knihy do s\u00fa\u0165a\u017ee Kniha Horn\u00e9ho Pova\u017eia 2019 \u2013\u00a0nomina\u010dn\u00fd list. Nominovan\u00e9 m\u00f4\u017eu by\u0165 knihy, ktor\u00e9 boli vydan\u00e9 v roku 2019, s\u00fa sp\u00e4t\u00e9 s regi\u00f3nom Horn\u00e9ho Pova\u017eia tematicky alebo osobou autora textovej \u010di obrazovej \u010dasti a bolo im pridelen\u00e9 ISBN (pravidl\u00e1 s\u00fa\u0165a\u017ee). Aktu\u00e1lne s\u00fa nominovan\u00e9: Kr\u00e1lik, M. &#8230; <a title=\"2. nomin\u00e1cie na Knihu Horn\u00e9ho Pova\u017eia 2019\" class=\"read-more\" href=\"https:\/\/www.krajskakniznicazilina.sk\/index.php\/2020\/02\/04\/2-nominacie-na-knihu-horneho-povazia-2019\/\" aria-label=\"Pre\u010d\u00edtajte si viac o 2. nomin\u00e1cie na Knihu Horn\u00e9ho Pova\u017eia 2019\">\u010c\u00edta\u0165 viac<\/a><\/p>\n","protected":false},"author":1,"featured_media":0,"comment_status":"open","ping_status":"open","sticky":false,"template":"","format":"image","meta":{"footnotes":""},"categories":[40,1,16],"tags":[],"class_list":["post-4892","post","type-post","status-publish","format-image","hentry","category-kniha-horneho-povazia","category-oznam","category-sutaz","post_format-post-format-image"],"_links":{"self":[{"href":"https:\/\/www.krajskakniznicazilina.sk\/index.php\/wp-json\/wp\/v2\/posts\/4892","targetHints":{"allow":["GET"]}}],"collection":[{"href":"https:\/\/www.krajskakniznicazilina.sk\/index.php\/wp-json\/wp\/v2\/posts"}],"about":[{"href":"https:\/\/www.krajskakniznicazilina.sk\/index.php\/wp-json\/wp\/v2\/types\/post"}],"author":[{"embeddable":true,"href":"https:\/\/www.krajskakniznicazilina.sk\/index.php\/wp-json\/wp\/v2\/users\/1"}],"replies":[{"embeddable":true,"href":"https:\/\/www.krajskakniznicazilina.sk\/index.php\/wp-json\/wp\/v2\/comments?post=4892"}],"version-history":[{"count":2,"href":"https:\/\/www.krajskakniznicazilina.sk\/index.php\/wp-json\/wp\/v2\/posts\/4892\/revisions"}],"predecessor-version":[{"id":10856,"href":"https:\/\/www.krajskakniznicazilina.sk\/index.php\/wp-json\/wp\/v2\/posts\/4892\/revisions\/10856"}],"wp:attachment":[{"href":"https:\/\/www.krajskakniznicazilina.sk\/index.php\/wp-json\/wp\/v2\/media?parent=4892"}],"wp:term":[{"taxonomy":"category","embeddable":true,"href":"https:\/\/www.krajskakniznicazilina.sk\/index.php\/wp-json\/wp\/v2\/categories?post=4892"},{"taxonomy":"post_tag","embeddable":true,"href":"https:\/\/www.krajskakniznicazilina.sk\/index.php\/wp-json\/wp\/v2\/tags?post=4892"}],"curies":[{"name":"wp","href":"https:\/\/api.w.org\/{rel}","templated":true}]}}