{"id":5033,"date":"2020-03-10T07:00:22","date_gmt":"2020-03-10T06:00:22","guid":{"rendered":"https:\/\/www.krajskakniznicazilina.sk\/?p=5033"},"modified":"2020-03-19T15:45:20","modified_gmt":"2020-03-19T14:45:20","slug":"usmernenia-z-dovodu-zamedzenia-sirenia-covid-19","status":"publish","type":"post","link":"https:\/\/www.krajskakniznicazilina.sk\/index.php\/2020\/03\/10\/usmernenia-z-dovodu-zamedzenia-sirenia-covid-19\/","title":{"rendered":"Usmernenia z d\u00f4vodu zamedzenia \u0161\u00edrenia COVID-19"},"content":{"rendered":"<p style=\"text-align: justify;\">V\u00e1\u017een\u00ed \u010ditatelia a\u00a0n\u00e1v\u0161tevn\u00edci kni\u017enice,<\/p>\n<p style=\"text-align: justify;\">z d\u00f4vodu zamedzenia \u0161\u00edrenia koronav\u00edrusu COVID-19 \u00a0na \u00fazem\u00ed SR prijala Krajsk\u00e1 kni\u017enica v\u00a0\u017diline nasledovn\u00e9 prevent\u00edvne opatrenia, ktor\u00fdmi V\u00e1s \u017eiada:<\/p>\n<ul style=\"text-align: justify;\">\n<li>pred vstupom do v\u0161etk\u00fdch verejn\u00fdch priestorov kni\u017enice dodr\u017eiava\u0165 z\u00e1kladn\u00e9 hygienick\u00e9 opatrenia a\u00a0s\u00a0kni\u017eni\u010dn\u00fdm fondom zaobch\u00e1dza\u0165 pri dodr\u017eiavan\u00ed v\u0161eobecn\u00fdch hygienick\u00fdch pravidiel,<\/li>\n<li><strong>nenav\u0161tevova\u0165 <\/strong>kni\u017enicu, ak ste sa v\u00a0priebehu posledn\u00fdch 14 dn\u00ed vr\u00e1tili z\u00a0oblast\u00ed postihnut\u00fdch koronav\u00edrusom,\n<ul>\n<li>vykazujete pr\u00edznaky ochorenia,<\/li>\n<li>boli ste v\u00a0kontakte s\u00a0osobami, ktor\u00e9 s\u00fa v\u00a0karant\u00e9ne alebo bol u\u00a0nich v\u00edrus potvrden\u00fd,<\/li>\n<li>pri vracan\u00ed po\u017ei\u010dan\u00fdch dokumentov postupova\u0165 v\u00a0zmysle ni\u017e\u0161ie uveden\u00e9ho usmernenia.<\/li>\n<\/ul>\n<\/li>\n<\/ul>\n<p style=\"text-align: justify;\">V\u00a0pr\u00edpade karant\u00e9ny z\u00a0d\u00f4vodu podozrenia na ochorenie alebo jeho potvrdenia bezprostredne informova\u0165 kni\u017enicu telefonicky (centr\u00e1lna kni\u017enica 041\/7233090, pobo\u010dka Vl\u010dince 041\/5656450) alebo mailom (centr\u00e1lna kni\u017enica &#8211; <a href=\"mailto:kniznica@krajskakniznicazilina.sk\">kniznica@krajskakniznicazilina.sk<\/a>,\u00a0 pobo\u010dka Vl\u010dince &#8211;\u00a0 <a href=\"mailto:kniznicavlcince@gmail.com\">kniznicavlcince@gmail.com<\/a>) a\u00a0postupova\u0165 pod\u013ea pokynov pracovn\u00edka kni\u017enice (v\u00a0\u017eiadnom pr\u00edpade <strong>NEVRACA\u0164 KNIHY \u00a0DO ODZNENIA<\/strong> <strong>OCHORENIA<\/strong>, upomienky V\u00e1m nebud\u00fa po ozn\u00e1men\u00ed situ\u00e1cie \u00fa\u010dtovan\u00e9). V\u00a0pr\u00edpade, \u017ee ste si po\u017ei\u010dali knihy na pobo\u010dke, s\u00a0v\u00fdnimkou pobo\u010dky Vl\u010dince, centr\u00e1lna kni\u017enica zabezpe\u010d\u00ed aj informovanie na pr\u00edslu\u0161nej pobo\u010dke.<\/p>\n<p style=\"text-align: justify;\">\u010eakujeme V\u00e1m za dodr\u017eiavanie pravidiel, ktor\u00e9 n\u00e1m spolo\u010dne umo\u017en\u00ed \u010fal\u0161ie bezpe\u010dn\u00e9 po\u017ei\u010diavanie kn\u00edh.<\/p>\n<p style=\"text-align: justify;\"><strong>Mgr. Katar\u00edna \u0160u\u0161oliakov\u00e1<\/strong>,\u00a0riadite\u013eka Krajskej kni\u017enice v \u017diline<\/p>\n","protected":false},"excerpt":{"rendered":"<p>V\u00e1\u017een\u00ed \u010ditatelia a\u00a0n\u00e1v\u0161tevn\u00edci kni\u017enice, z d\u00f4vodu zamedzenia \u0161\u00edrenia koronav\u00edrusu COVID-19 \u00a0na \u00fazem\u00ed SR prijala Krajsk\u00e1 kni\u017enica v\u00a0\u017diline nasledovn\u00e9 prevent\u00edvne opatrenia, ktor\u00fdmi V\u00e1s \u017eiada: pred vstupom do v\u0161etk\u00fdch verejn\u00fdch priestorov kni\u017enice dodr\u017eiava\u0165 z\u00e1kladn\u00e9 hygienick\u00e9 opatrenia a\u00a0s\u00a0kni\u017eni\u010dn\u00fdm fondom zaobch\u00e1dza\u0165 pri dodr\u017eiavan\u00ed v\u0161eobecn\u00fdch hygienick\u00fdch pravidiel, nenav\u0161tevova\u0165 kni\u017enicu, ak ste sa v\u00a0priebehu posledn\u00fdch 14 dn\u00ed vr\u00e1tili z\u00a0oblast\u00ed postihnut\u00fdch koronav\u00edrusom, &#8230; <a title=\"Usmernenia z d\u00f4vodu zamedzenia \u0161\u00edrenia COVID-19\" class=\"read-more\" href=\"https:\/\/www.krajskakniznicazilina.sk\/index.php\/2020\/03\/10\/usmernenia-z-dovodu-zamedzenia-sirenia-covid-19\/\" aria-label=\"Pre\u010d\u00edtajte si viac o Usmernenia z d\u00f4vodu zamedzenia \u0161\u00edrenia COVID-19\">\u010c\u00edta\u0165 viac<\/a><\/p>\n","protected":false},"author":1,"featured_media":0,"comment_status":"open","ping_status":"open","sticky":false,"template":"","format":"image","meta":{"footnotes":""},"categories":[1],"tags":[],"class_list":["post-5033","post","type-post","status-publish","format-image","hentry","category-oznam","post_format-post-format-image"],"_links":{"self":[{"href":"https:\/\/www.krajskakniznicazilina.sk\/index.php\/wp-json\/wp\/v2\/posts\/5033","targetHints":{"allow":["GET"]}}],"collection":[{"href":"https:\/\/www.krajskakniznicazilina.sk\/index.php\/wp-json\/wp\/v2\/posts"}],"about":[{"href":"https:\/\/www.krajskakniznicazilina.sk\/index.php\/wp-json\/wp\/v2\/types\/post"}],"author":[{"embeddable":true,"href":"https:\/\/www.krajskakniznicazilina.sk\/index.php\/wp-json\/wp\/v2\/users\/1"}],"replies":[{"embeddable":true,"href":"https:\/\/www.krajskakniznicazilina.sk\/index.php\/wp-json\/wp\/v2\/comments?post=5033"}],"version-history":[{"count":2,"href":"https:\/\/www.krajskakniznicazilina.sk\/index.php\/wp-json\/wp\/v2\/posts\/5033\/revisions"}],"predecessor-version":[{"id":5035,"href":"https:\/\/www.krajskakniznicazilina.sk\/index.php\/wp-json\/wp\/v2\/posts\/5033\/revisions\/5035"}],"wp:attachment":[{"href":"https:\/\/www.krajskakniznicazilina.sk\/index.php\/wp-json\/wp\/v2\/media?parent=5033"}],"wp:term":[{"taxonomy":"category","embeddable":true,"href":"https:\/\/www.krajskakniznicazilina.sk\/index.php\/wp-json\/wp\/v2\/categories?post=5033"},{"taxonomy":"post_tag","embeddable":true,"href":"https:\/\/www.krajskakniznicazilina.sk\/index.php\/wp-json\/wp\/v2\/tags?post=5033"}],"curies":[{"name":"wp","href":"https:\/\/api.w.org\/{rel}","templated":true}]}}