{"id":5144,"date":"2020-04-02T18:43:56","date_gmt":"2020-04-02T16:43:56","guid":{"rendered":"https:\/\/www.krajskakniznicazilina.sk\/?p=5144"},"modified":"2020-05-05T13:24:38","modified_gmt":"2020-05-05T11:24:38","slug":"nemozeme-poziciavat-knihy","status":"publish","type":"post","link":"https:\/\/www.krajskakniznicazilina.sk\/index.php\/2020\/04\/02\/nemozeme-poziciavat-knihy\/","title":{"rendered":"Pre\u010do nem\u00f4\u017eeme moment\u00e1lne po\u017ei\u010diava\u0165 knihy?"},"content":{"rendered":"<p style=\"text-align: justify;\">Mil\u00ed \u010ditatelia,<br \/>\np\u00fdtate sa, pre\u010do V\u00e1m nem\u00f4\u017eeme po\u017ei\u010da\u0165 knihy, ak dodr\u017e\u00edme bezpe\u010dnostn\u00e9 opatrenia? Tu je na\u0161a odpove\u010f:<\/p>\n<p style=\"text-align: justify;\">Situ\u00e1cia s\u00favisiaca so \u0161\u00edren\u00edm koronav\u00edrusu v\u00fdrazne ovplyv\u0148uje aj \u010dinnos\u0165 kni\u017en\u00edc. V s\u00falade s opatreniami s\u00favisiacimi s ochranou \u017eivota a zdravia s\u00fa kni\u017enice aktu\u00e1lne pre verejnos\u0165 zatvoren\u00e9, slu\u017eby vy\u017eaduj\u00face fyzick\u00fd kontakt s\u00fa zastaven\u00e9. N\u00e1s knihovn\u00edkov ve\u013emi mrz\u00ed, \u017ee V\u00e1m nem\u00f4\u017eeme knihy po\u017ei\u010diava\u0165 pr\u00e1ve v\u00a0tomto obdob\u00ed, ke\u010f mnoh\u00ed z\u00a0V\u00e1s maj\u00fa na \u010d\u00edtanie a\u00a0vzdel\u00e1vanie viac \u010dasu.<\/p>\n<p style=\"text-align: justify;\">\u00darad verejn\u00e9ho zdravotn\u00edctva SR nariadil 29.3.2020 opatrenia s platnos\u0165ou od 30.3.2020, v ktor\u00fdch s\u00fa v p\u00edsm. A) vymenovan\u00e9 v\u00fdnimky pre poskytovanie slu\u017eieb prev\u00e1dzkami.\u00a0<strong>Slu\u017eby kni\u017en\u00edc sa v r\u00e1mci t\u00fdchto v\u00fdnimiek nenach\u00e1dzaj\u00fa.<\/strong><!--more--><\/p>\n<p><a href=\"http:\/\/www.uvzsr.sk\/docs\/info\/covid19\/Opatrenie_UVZ_SR_%20final_uzatvorenie_prevadzok_rezimove_opatrenia_HH_SR_29032020.pdf\">http:\/\/www.uvzsr.sk\/docs\/info\/covid19\/Opatrenie_UVZ_SR_%20final_uzatvorenie_prevadzok_rezimove_opatrenia_HH_SR_29032020.pdf<\/a><\/p>\n<p style=\"text-align: justify;\"><strong>To znamen\u00e1, \u017ee kni\u017enica nem\u00e1 \u017eiadne povolenie poskytova\u0165 ak\u00e9ko\u013evek fyzick\u00e9 slu\u017eby verejnosti.<\/strong><\/p>\n<p style=\"text-align: justify;\">Nere\u0161pektovanie opatrenia je spr\u00e1vnym deliktom pod\u013ea \u00a7 57 ods. 33 p\u00edsm.<\/p>\n<p style=\"text-align: justify;\">a) z\u00e1kona \u010d. 355\/2007 Z. z., za ktor\u00fd pr\u00edslu\u0161n\u00fd region\u00e1lny \u00farad verejn\u00e9ho zdravotn\u00edctva ulo\u017e\u00ed pokutu pod\u013ea \u00a7 57 ods. 41 p\u00edsm. a) z\u00e1kona \u010d. 355\/2007 Z. z. vo v\u00fd\u0161ke do 20 000 eur.<\/p>\n<p style=\"text-align: justify;\">Kni\u017enice sa obr\u00e1tili na Ministerstvo kult\u00fary SR, ktor\u00e9 v s\u00fa\u010dinnosti s kr\u00edzov\u00fdm \u0161t\u00e1bom a\u00a0hlavn\u00fdm hygienikom SR pripravuje pre kni\u017enice usmernenie.<\/p>\n<p style=\"text-align: justify;\">Odpor\u00fa\u010dame V\u00e1m vyu\u017e\u00edva\u0165 vo\u013ene pr\u00edstupn\u00e9 elektronick\u00e9 knihy, zdroje n\u00e1jdete na str\u00e1nke kni\u017enice:\u00a0<a href=\"https:\/\/www.krajskakniznicazilina.sk\/index.php\/2020\/03\/26\/e-zdroje\/\">https:\/\/www.krajskakniznicazilina.sk\/index.php\/2020\/03\/26\/e-zdroje\/<\/a><\/p>\n<p style=\"text-align: justify;\">Budeme radi, ak budete sledova\u0165 tie\u017e online podujatia, ktor\u00e9 pre V\u00e1s priebe\u017ene pripravujeme.<\/p>\n<p style=\"text-align: justify;\">Ver\u00edme, \u017ee n\u00e1m zachov\u00e1te Va\u0161u priaze\u0148.<\/p>\n<p style=\"text-align: justify;\">Va\u0161i knihovn\u00edci<\/p>\n","protected":false},"excerpt":{"rendered":"<p>Mil\u00ed \u010ditatelia, p\u00fdtate sa, pre\u010do V\u00e1m nem\u00f4\u017eeme po\u017ei\u010da\u0165 knihy, ak dodr\u017e\u00edme bezpe\u010dnostn\u00e9 opatrenia? Tu je na\u0161a odpove\u010f: Situ\u00e1cia s\u00favisiaca so \u0161\u00edren\u00edm koronav\u00edrusu v\u00fdrazne ovplyv\u0148uje aj \u010dinnos\u0165 kni\u017en\u00edc. V s\u00falade s opatreniami s\u00favisiacimi s ochranou \u017eivota a zdravia s\u00fa kni\u017enice aktu\u00e1lne pre verejnos\u0165 zatvoren\u00e9, slu\u017eby vy\u017eaduj\u00face fyzick\u00fd kontakt s\u00fa zastaven\u00e9. N\u00e1s knihovn\u00edkov ve\u013emi mrz\u00ed, \u017ee V\u00e1m &#8230; <a title=\"Pre\u010do nem\u00f4\u017eeme moment\u00e1lne po\u017ei\u010diava\u0165 knihy?\" class=\"read-more\" href=\"https:\/\/www.krajskakniznicazilina.sk\/index.php\/2020\/04\/02\/nemozeme-poziciavat-knihy\/\" aria-label=\"Pre\u010d\u00edtajte si viac o Pre\u010do nem\u00f4\u017eeme moment\u00e1lne po\u017ei\u010diava\u0165 knihy?\">\u010c\u00edta\u0165 viac<\/a><\/p>\n","protected":false},"author":1,"featured_media":0,"comment_status":"open","ping_status":"open","sticky":false,"template":"","format":"image","meta":{"footnotes":""},"categories":[1],"tags":[],"class_list":["post-5144","post","type-post","status-publish","format-image","hentry","category-oznam","post_format-post-format-image"],"_links":{"self":[{"href":"https:\/\/www.krajskakniznicazilina.sk\/index.php\/wp-json\/wp\/v2\/posts\/5144","targetHints":{"allow":["GET"]}}],"collection":[{"href":"https:\/\/www.krajskakniznicazilina.sk\/index.php\/wp-json\/wp\/v2\/posts"}],"about":[{"href":"https:\/\/www.krajskakniznicazilina.sk\/index.php\/wp-json\/wp\/v2\/types\/post"}],"author":[{"embeddable":true,"href":"https:\/\/www.krajskakniznicazilina.sk\/index.php\/wp-json\/wp\/v2\/users\/1"}],"replies":[{"embeddable":true,"href":"https:\/\/www.krajskakniznicazilina.sk\/index.php\/wp-json\/wp\/v2\/comments?post=5144"}],"version-history":[{"count":8,"href":"https:\/\/www.krajskakniznicazilina.sk\/index.php\/wp-json\/wp\/v2\/posts\/5144\/revisions"}],"predecessor-version":[{"id":5173,"href":"https:\/\/www.krajskakniznicazilina.sk\/index.php\/wp-json\/wp\/v2\/posts\/5144\/revisions\/5173"}],"wp:attachment":[{"href":"https:\/\/www.krajskakniznicazilina.sk\/index.php\/wp-json\/wp\/v2\/media?parent=5144"}],"wp:term":[{"taxonomy":"category","embeddable":true,"href":"https:\/\/www.krajskakniznicazilina.sk\/index.php\/wp-json\/wp\/v2\/categories?post=5144"},{"taxonomy":"post_tag","embeddable":true,"href":"https:\/\/www.krajskakniznicazilina.sk\/index.php\/wp-json\/wp\/v2\/tags?post=5144"}],"curies":[{"name":"wp","href":"https:\/\/api.w.org\/{rel}","templated":true}]}}