{"id":5150,"date":"2020-04-05T09:43:18","date_gmt":"2020-04-05T07:43:18","guid":{"rendered":"https:\/\/www.krajskakniznicazilina.sk\/?p=5150"},"modified":"2020-04-09T09:21:22","modified_gmt":"2020-04-09T07:21:22","slug":"april20-fb","status":"publish","type":"post","link":"https:\/\/www.krajskakniznicazilina.sk\/index.php\/2020\/04\/05\/april20-fb\/","title":{"rendered":"Apr\u00edl pre deti a maturantov z Facebooku"},"content":{"rendered":"<p><a href=\"https:\/\/www.krajskakniznicazilina.sk\/clanky\/2020\/04\/FBapril.jpg\"><img decoding=\"async\" class=\"alignright\" style=\"text-align: justify;\" src=\"https:\/\/www.krajskakniznicazilina.sk\/clanky\/2020\/04\/FBapril.jpg\" alt=\"\" width=\"40%\" height=\"40%\" \/><\/a><\/p>\n<p style=\"text-align: justify;\">Po\u010das apr\u00edla sme si pre deti a maturantov pripravili tri video-podujatia.<\/p>\n<p style=\"text-align: justify;\"><strong>8.4.2020<\/strong> zverejn\u00edme predn\u00e1\u0161ku pre maturantov venovan\u00fa <strong>Beatnikom<\/strong>. Predn\u00e1\u0161ku n\u00e1jdete zverejnen\u00e9 v\u00a0tento de\u0148 na Facebooku <a href=\"https:\/\/www.facebook.com\/krajskakniznicazilina\/\">@krajskakniznicazilina<\/a>.<\/p>\n<p style=\"text-align: justify;\"><strong>15.4.2020<\/strong> budeme rozpr\u00e1va\u0165 o\u00a0po\u00e9zii pre mlad\u00fdch \u2013 <strong>Po\u00e9zia nie je nepriate\u013e<\/strong>. Video n\u00e1jdete na Facebooku detsk\u00e9ho oddelenia <a href=\"https:\/\/www.facebook.com\/kniznicazilinadeti\/\">@kniznicazilinadeti<\/a> (ur\u010den\u00e9 pre deti od 10 rokov).<\/p>\n<p style=\"text-align: justify;\"><strong>22.4.2020<\/strong> budeme \u010d\u00edta\u0165 zo zatvorenej kni\u017enice pre ve\u013ek\u00fdch \u0161k\u00f4lkarov a\u00a0mal\u00fdch \u0161kol\u00e1kov. Dokonca si sprav\u00edme kr\u00e1tke tvoriv\u00e9 dielne a\u00a0vytvor\u00edme papierov\u00e9ho robota. <strong>O\u00a0upratovacom robotovi<\/strong> h\u013eadajte video taktie\u017e na Facebooku detsk\u00e9ho oddelenia <a href=\"https:\/\/www.facebook.com\/kniznicazilinadeti\/\">@kniznicazilinadeti<\/a>.<\/p>\n<p style=\"text-align: justify;\">Na tvoriv\u00e9 dielne O upratovacom robotovi budete potrebova\u0165:<\/p>\n<ul style=\"text-align: justify;\">\n<li>1 list bieleho papiera (A4)<\/li>\n<li>farebn\u00e9 papiere (alebo str\u00e1nky zo star\u00fdch farebn\u00fdch \u010dasopisov)<\/li>\n<li>lepidlo<\/li>\n<li>no\u017enice<\/li>\n<\/ul>\n<p style=\"text-align: justify;\">Te\u0161\u00edme sa na v\u00e1s pri podujatiach na na\u0161ich FB str\u00e1nkach (samostatn\u00e9 vide\u00e1 n\u00e1jdete nesk\u00f4r aj na na\u0161om <a href=\"https:\/\/www.youtube.com\/channel\/UChz5Mb9BIaumZnsvgbmjDug\">Youtube kan\u00e1li<\/a>).<\/p>\n","protected":false},"excerpt":{"rendered":"<p>Po\u010das apr\u00edla sme si pre deti a maturantov pripravili tri video-podujatia. 8.4.2020 zverejn\u00edme predn\u00e1\u0161ku pre maturantov venovan\u00fa Beatnikom. Predn\u00e1\u0161ku n\u00e1jdete zverejnen\u00e9 v\u00a0tento de\u0148 na Facebooku @krajskakniznicazilina. 15.4.2020 budeme rozpr\u00e1va\u0165 o\u00a0po\u00e9zii pre mlad\u00fdch \u2013 Po\u00e9zia nie je nepriate\u013e. Video n\u00e1jdete na Facebooku detsk\u00e9ho oddelenia @kniznicazilinadeti (ur\u010den\u00e9 pre deti od 10 rokov). 22.4.2020 budeme \u010d\u00edta\u0165 zo zatvorenej &#8230; <a title=\"Apr\u00edl pre deti a maturantov z Facebooku\" class=\"read-more\" href=\"https:\/\/www.krajskakniznicazilina.sk\/index.php\/2020\/04\/05\/april20-fb\/\" aria-label=\"Pre\u010d\u00edtajte si viac o Apr\u00edl pre deti a maturantov z Facebooku\">\u010c\u00edta\u0165 viac<\/a><\/p>\n","protected":false},"author":1,"featured_media":0,"comment_status":"open","ping_status":"open","sticky":false,"template":"","format":"image","meta":{"footnotes":""},"categories":[12],"tags":[],"class_list":["post-5150","post","type-post","status-publish","format-image","hentry","category-podujatie","post_format-post-format-image"],"_links":{"self":[{"href":"https:\/\/www.krajskakniznicazilina.sk\/index.php\/wp-json\/wp\/v2\/posts\/5150","targetHints":{"allow":["GET"]}}],"collection":[{"href":"https:\/\/www.krajskakniznicazilina.sk\/index.php\/wp-json\/wp\/v2\/posts"}],"about":[{"href":"https:\/\/www.krajskakniznicazilina.sk\/index.php\/wp-json\/wp\/v2\/types\/post"}],"author":[{"embeddable":true,"href":"https:\/\/www.krajskakniznicazilina.sk\/index.php\/wp-json\/wp\/v2\/users\/1"}],"replies":[{"embeddable":true,"href":"https:\/\/www.krajskakniznicazilina.sk\/index.php\/wp-json\/wp\/v2\/comments?post=5150"}],"version-history":[{"count":6,"href":"https:\/\/www.krajskakniznicazilina.sk\/index.php\/wp-json\/wp\/v2\/posts\/5150\/revisions"}],"predecessor-version":[{"id":5175,"href":"https:\/\/www.krajskakniznicazilina.sk\/index.php\/wp-json\/wp\/v2\/posts\/5150\/revisions\/5175"}],"wp:attachment":[{"href":"https:\/\/www.krajskakniznicazilina.sk\/index.php\/wp-json\/wp\/v2\/media?parent=5150"}],"wp:term":[{"taxonomy":"category","embeddable":true,"href":"https:\/\/www.krajskakniznicazilina.sk\/index.php\/wp-json\/wp\/v2\/categories?post=5150"},{"taxonomy":"post_tag","embeddable":true,"href":"https:\/\/www.krajskakniznicazilina.sk\/index.php\/wp-json\/wp\/v2\/tags?post=5150"}],"curies":[{"name":"wp","href":"https:\/\/api.w.org\/{rel}","templated":true}]}}