{"id":5340,"date":"2020-06-29T10:48:49","date_gmt":"2020-06-29T08:48:49","guid":{"rendered":"https:\/\/www.krajskakniznicazilina.sk\/?p=5340"},"modified":"2020-07-20T08:42:08","modified_gmt":"2020-07-20T06:42:08","slug":"detske-leto-2020-i","status":"publish","type":"post","link":"https:\/\/www.krajskakniznicazilina.sk\/index.php\/2020\/06\/29\/detske-leto-2020-i\/","title":{"rendered":"Detsk\u00e9 leto v kni\u017enici 2020 I."},"content":{"rendered":"<p><a href=\"https:\/\/www.krajskakniznicazilina.sk\/clanky\/2020\/07\/det%20let%201.jpg\"><img decoding=\"async\" class=\"alignright\" src=\"https:\/\/www.krajskakniznicazilina.sk\/clanky\/2020\/07\/det%20let%201.jpg\" alt=\"\" width=\"40%\" height=\"40%\" \/><\/a><\/p>\n<p style=\"text-align: justify;\">Aj tento rok sme pripravili detsk\u00e9 leto v Krajskej kni\u017enici v \u017diline. <strong>Ka\u017ed\u00fd utorok<\/strong> sa bude kona\u0165 <strong>Piknik v parku<\/strong> za kni\u017enicou <strong>o 9:30<\/strong> &#8211; ka\u017ed\u00fd t\u00fd\u017ede\u0148 bude nov\u00e9 t\u00e9ma pre deti <strong>od 4 do 7 rokov<\/strong>. V pr\u00edpade nepriazniv\u00e9ho po\u010dasia sa stretneme v rozpr\u00e1vkovej miestnosti. Po\u010das oboch mesiacov letn\u00fdch pr\u00e1zdnin bud\u00fa <strong>dva piatkov\u00e9 dni venovan\u00e9 star\u0161\u00edm de\u0165om<\/strong>. <!--more--><\/p>\n<p style=\"text-align: justify;\"><strong>Z\u00e1hady vesm\u00edru <\/strong><\/p>\n<ul style=\"text-align: justify;\">\n<li>7. j\u00fala o 9:30 (od 4 do 7 rokov)<\/li>\n<li>Na\u0161i najmen\u0161\u00ed sa hravou formou zozn\u00e1mia s tajomstvami vesm\u00edru a dozvedia sa, \u010di s\u00fa \u010dierne diery naozaj \u010dierne, mlie\u010dna dr\u00e1ha z mlieka a ak\u00fd je \u017eivot na mesiaci a \u010di tam niekto b\u00fdva.<\/li>\n<\/ul>\n<p style=\"text-align: justify;\"><strong>Cesta nie je park<\/strong><\/p>\n<ul style=\"text-align: justify;\">\n<li>14.j\u00fala o 9:30 (od 4 do 7 rokov)<\/li>\n<li>S de\u0165mi si zopakujeme z\u00e1kladn\u00e9 pravidl\u00e1 cestnej prem\u00e1vky \u2013 dozvedia sa, ako funguje semafor, ktor\u00e1 farba znamen\u00e1 cho\u010f,\u00a0 ktor\u00e1 stoj a aj to, kde m\u00f4\u017eu bezpe\u010dne prech\u00e1dza\u0165 cez cestu.<\/li>\n<\/ul>\n<p style=\"text-align: justify;\"><strong>Vyber si letn\u00e9 dobrodru\u017estvo<\/strong><\/p>\n<ul style=\"text-align: justify;\">\n<li>17.j\u00fala o 9:30 (od 10 rokov)<\/li>\n<li>Prostredn\u00edctvom kultov\u00fdch pr\u00edbehov (Traja p\u00e1tra\u010di, Vyber si vlastn\u00e9 dobrodru\u017estvo, Sl\u00e1vna p\u00e4\u0165ka, Z\u00e1hada hlavolamu&#8230;) sa vyberieme do sveta snov a tajomstiev, aby sme pre\u017e\u00edvali rovnak\u00e9 dobrodru\u017estv\u00e1 ako na\u0161i sl\u00e1vni hrdinovia.<\/li>\n<\/ul>\n<p style=\"text-align: justify;\"><strong><a href=\"https:\/\/www.krajskakniznicazilina.sk\/clanky\/2020\/07\/det%20let%202.jpg\"><img decoding=\"async\" class=\"alignright size-full\" src=\"https:\/\/www.krajskakniznicazilina.sk\/clanky\/2020\/07\/det%20let%202.jpg\" width=\"40%\" height=\"40%\" \/><\/a>Ako kvapka k\u00a0moru pri\u0161la<\/strong><\/p>\n<ul style=\"text-align: justify;\">\n<li>21. j\u00fala o 9:30 (od 4 do 7 rokov)<\/li>\n<li>Hravou formou sa deti dozvedia o kolobehu vody v pr\u00edrode a nau\u010dia sa rozli\u0161ova\u0165 jej skupenstv\u00e1. Zistia, ako chut\u00ed voda, \u010do sa stane, ke\u010f do nej prid\u00e1me sirup a aj to, ako dlho vydr\u017e\u00ed na slnku \u013ead.<\/li>\n<\/ul>\n<p style=\"text-align: justify;\"><strong>Kamar\u00e1t slon a priate\u013eka \u017ei\u017eiavka &#8211; ZMENA: 31.j\u00fala<\/strong><\/p>\n<ul style=\"text-align: justify;\">\n<li>31. j\u00fala o 9:30 (od 8 rokov)<\/li>\n<li>Povieme si nie\u010do o netradi\u010dn\u00fdch zvierac\u00edch mil\u00e1\u010dikoch! Chceli by ste sa spriateli\u0165 so slonom? Nebolo by \u00fa\u017easn\u00e9 ma\u0165 dom\u00e1ceho medve\u010fa? A napokon si pre\u010d\u00edtame dobrodru\u017estvo chlapca, ktor\u00fd sa kamar\u00e1ti so \u017ei\u017eiavkou.<\/li>\n<\/ul>\n<p style=\"text-align: justify;\"><strong>M\u00f4j najlep\u0161\u00ed kamar\u00e1t<\/strong><\/p>\n<ul style=\"text-align: justify;\">\n<li>28. j\u00fala o 9:30 (od 4 do 7 rokov)<\/li>\n<li>Hravou formou sa s de\u0165mi porozpr\u00e1vame o tom, \u010do je to priate\u013estvo. Dozvedia sa, \u017ee kamar\u00e1tom nemus\u00ed by\u0165 iba \u010dlovek, ale m\u00f4\u017ee to by\u0165 aj zvieratko, \u010di dokonca aj kniha.<\/li>\n<\/ul>\n","protected":false},"excerpt":{"rendered":"<p>Aj tento rok sme pripravili detsk\u00e9 leto v Krajskej kni\u017enici v \u017diline. Ka\u017ed\u00fd utorok sa bude kona\u0165 Piknik v parku za kni\u017enicou o 9:30 &#8211; ka\u017ed\u00fd t\u00fd\u017ede\u0148 bude nov\u00e9 t\u00e9ma pre deti od 4 do 7 rokov. V pr\u00edpade nepriazniv\u00e9ho po\u010dasia sa stretneme v rozpr\u00e1vkovej miestnosti. Po\u010das oboch mesiacov letn\u00fdch pr\u00e1zdnin bud\u00fa dva piatkov\u00e9 dni &#8230; <a title=\"Detsk\u00e9 leto v kni\u017enici 2020 I.\" class=\"read-more\" href=\"https:\/\/www.krajskakniznicazilina.sk\/index.php\/2020\/06\/29\/detske-leto-2020-i\/\" aria-label=\"Pre\u010d\u00edtajte si viac o Detsk\u00e9 leto v kni\u017enici 2020 I.\">\u010c\u00edta\u0165 viac<\/a><\/p>\n","protected":false},"author":1,"featured_media":0,"comment_status":"open","ping_status":"open","sticky":false,"template":"","format":"image","meta":{"footnotes":""},"categories":[30,12],"tags":[],"class_list":["post-5340","post","type-post","status-publish","format-image","hentry","category-detske-leto","category-podujatie","post_format-post-format-image"],"_links":{"self":[{"href":"https:\/\/www.krajskakniznicazilina.sk\/index.php\/wp-json\/wp\/v2\/posts\/5340","targetHints":{"allow":["GET"]}}],"collection":[{"href":"https:\/\/www.krajskakniznicazilina.sk\/index.php\/wp-json\/wp\/v2\/posts"}],"about":[{"href":"https:\/\/www.krajskakniznicazilina.sk\/index.php\/wp-json\/wp\/v2\/types\/post"}],"author":[{"embeddable":true,"href":"https:\/\/www.krajskakniznicazilina.sk\/index.php\/wp-json\/wp\/v2\/users\/1"}],"replies":[{"embeddable":true,"href":"https:\/\/www.krajskakniznicazilina.sk\/index.php\/wp-json\/wp\/v2\/comments?post=5340"}],"version-history":[{"count":19,"href":"https:\/\/www.krajskakniznicazilina.sk\/index.php\/wp-json\/wp\/v2\/posts\/5340\/revisions"}],"predecessor-version":[{"id":5474,"href":"https:\/\/www.krajskakniznicazilina.sk\/index.php\/wp-json\/wp\/v2\/posts\/5340\/revisions\/5474"}],"wp:attachment":[{"href":"https:\/\/www.krajskakniznicazilina.sk\/index.php\/wp-json\/wp\/v2\/media?parent=5340"}],"wp:term":[{"taxonomy":"category","embeddable":true,"href":"https:\/\/www.krajskakniznicazilina.sk\/index.php\/wp-json\/wp\/v2\/categories?post=5340"},{"taxonomy":"post_tag","embeddable":true,"href":"https:\/\/www.krajskakniznicazilina.sk\/index.php\/wp-json\/wp\/v2\/tags?post=5340"}],"curies":[{"name":"wp","href":"https:\/\/api.w.org\/{rel}","templated":true}]}}