{"id":5359,"date":"2020-06-30T07:06:50","date_gmt":"2020-06-30T05:06:50","guid":{"rendered":"https:\/\/www.krajskakniznicazilina.sk\/?p=5359"},"modified":"2020-06-29T11:02:22","modified_gmt":"2020-06-29T09:02:22","slug":"fotomosty-ziliny","status":"publish","type":"post","link":"https:\/\/www.krajskakniznicazilina.sk\/index.php\/2020\/06\/30\/fotomosty-ziliny\/","title":{"rendered":"Fotomosty \u017diliny"},"content":{"rendered":"<p style=\"text-align: justify;\"><a href=\"https:\/\/www.krajskakniznicazilina.sk\/clanky\/2020\/07\/fotomosty%202020.jpg\"><img decoding=\"async\" class=\"size-full alignleft\" src=\"https:\/\/www.krajskakniznicazilina.sk\/clanky\/2020\/07\/fotomosty%202020.jpg\" width=\"40%\" height=\"40%\" \/><\/a>Krajsk\u00e1 kni\u017enica v \u017diline otv\u00e1ra po rekon\u0161trukcii svoje obnoven\u00e9 priestory. V priestoroch bude nain\u0161talovan\u00e1 v\u00fdstava v\u00fdberu fotopanor\u00e1m \u013dubo\u0161a Ple\u0161ingera pod n\u00e1zvom Fotomosty \u017diliny. V\u00fdstava zobrazuje zn\u00e1me miesta mesta \u017dilina uplynul\u00fdch storo\u010d\u00ed na star\u00fdch fotografi\u00e1ch, na kresb\u00e1ch a ma\u013eb\u00e1ch Janka Alexyho, Mojm\u00edra Vlkol\u00e1\u010dka a akademick\u00e9ho maliara Stanislava Lajdu. V\u00fdstavu si m\u00f4\u017eete pr\u00eds\u0165 pozrie\u0165 do konca j\u00fala.<\/p>\n","protected":false},"excerpt":{"rendered":"<p>Krajsk\u00e1 kni\u017enica v \u017diline otv\u00e1ra po rekon\u0161trukcii svoje obnoven\u00e9 priestory. V priestoroch bude nain\u0161talovan\u00e1 v\u00fdstava v\u00fdberu fotopanor\u00e1m \u013dubo\u0161a Ple\u0161ingera pod n\u00e1zvom Fotomosty \u017diliny. V\u00fdstava zobrazuje zn\u00e1me miesta mesta \u017dilina uplynul\u00fdch storo\u010d\u00ed na star\u00fdch fotografi\u00e1ch, na kresb\u00e1ch a ma\u013eb\u00e1ch Janka Alexyho, Mojm\u00edra Vlkol\u00e1\u010dka a akademick\u00e9ho maliara Stanislava Lajdu. V\u00fdstavu si m\u00f4\u017eete pr\u00eds\u0165 pozrie\u0165 do konca j\u00fala.<\/p>\n","protected":false},"author":1,"featured_media":0,"comment_status":"open","ping_status":"open","sticky":false,"template":"","format":"video","meta":{"footnotes":""},"categories":[15],"tags":[],"class_list":["post-5359","post","type-post","status-publish","format-video","hentry","category-vystava","post_format-post-format-video"],"_links":{"self":[{"href":"https:\/\/www.krajskakniznicazilina.sk\/index.php\/wp-json\/wp\/v2\/posts\/5359","targetHints":{"allow":["GET"]}}],"collection":[{"href":"https:\/\/www.krajskakniznicazilina.sk\/index.php\/wp-json\/wp\/v2\/posts"}],"about":[{"href":"https:\/\/www.krajskakniznicazilina.sk\/index.php\/wp-json\/wp\/v2\/types\/post"}],"author":[{"embeddable":true,"href":"https:\/\/www.krajskakniznicazilina.sk\/index.php\/wp-json\/wp\/v2\/users\/1"}],"replies":[{"embeddable":true,"href":"https:\/\/www.krajskakniznicazilina.sk\/index.php\/wp-json\/wp\/v2\/comments?post=5359"}],"version-history":[{"count":4,"href":"https:\/\/www.krajskakniznicazilina.sk\/index.php\/wp-json\/wp\/v2\/posts\/5359\/revisions"}],"predecessor-version":[{"id":5402,"href":"https:\/\/www.krajskakniznicazilina.sk\/index.php\/wp-json\/wp\/v2\/posts\/5359\/revisions\/5402"}],"wp:attachment":[{"href":"https:\/\/www.krajskakniznicazilina.sk\/index.php\/wp-json\/wp\/v2\/media?parent=5359"}],"wp:term":[{"taxonomy":"category","embeddable":true,"href":"https:\/\/www.krajskakniznicazilina.sk\/index.php\/wp-json\/wp\/v2\/categories?post=5359"},{"taxonomy":"post_tag","embeddable":true,"href":"https:\/\/www.krajskakniznicazilina.sk\/index.php\/wp-json\/wp\/v2\/tags?post=5359"}],"curies":[{"name":"wp","href":"https:\/\/api.w.org\/{rel}","templated":true}]}}