{"id":5379,"date":"2020-06-26T11:41:12","date_gmt":"2020-06-26T09:41:12","guid":{"rendered":"https:\/\/www.krajskakniznicazilina.sk\/?p=5379"},"modified":"2020-07-14T12:41:24","modified_gmt":"2020-07-14T10:41:24","slug":"kreativne-workshopy-jul","status":"publish","type":"post","link":"https:\/\/www.krajskakniznicazilina.sk\/index.php\/2020\/06\/26\/kreativne-workshopy-jul\/","title":{"rendered":"Kreat\u00edvne workshopy &#8211; j\u00fal"},"content":{"rendered":"<p style=\"text-align: justify;\"><a href=\"https:\/\/www.krajskakniznicazilina.sk\/clanky\/2020\/07\/mach%20-%20work.jpg\"><img decoding=\"async\" class=\"size-full alignleft\" src=\"https:\/\/www.krajskakniznicazilina.sk\/clanky\/2020\/07\/mach%20-%20work.jpg\" width=\"40%\" height=\"40%\" \/><\/a>Ste kreat\u00edvni a chcete si vyrobi\u0165 machov\u00e9 dekor\u00e1cie zo stabilizovan\u00e9ho machu, kvetov, dreva a kame\u0148a? Pr\u00ed\u010fte sa zrelaxova\u0165 a podpori\u0165 kreativitu va\u0161ich ratolest\u00ed a vypl\u0148te im pr\u00e1zdninov\u00fd \u010das v Krajskej kni\u017enici v \u017diline. Machov\u00e9 dekor\u00e1cie budete vytv\u00e1ra\u0165 pod veden\u00edm sk\u00fasenej aran\u017e\u00e9rky Daniely Zimmerovej, ktor\u00e1 sa venuje kreat\u00edvnej tvorbe takmer cel\u00fd \u017eivot.<\/p>\n<p style=\"text-align: justify;\">Workshopy s\u00fa ur\u010den\u00e9 pre ka\u017ed\u00e9ho, od det\u00ed a\u017e po seniorov. Ka\u017ed\u00fd workshop je spoplatnen\u00fd, v cene s\u00fa zahrnut\u00e9 inform\u00e1cie o machu a stabiliz\u00e1cii, materi\u00e1l na kreat\u00edvnu tvorbu a nealkoholick\u00fd n\u00e1poj.<\/p>\n<p style=\"text-align: justify;\">Na workshopy je potrebn\u00e9 sa <strong>vopred prihl\u00e1si\u0165<\/strong> telefonicky na \u010d\u00edsle: <strong>0903 614 589<\/strong> alebo mailom: <strong>zimmerova@perida.sk<\/strong>. Pri nedostato\u010dnom po\u010dte prihl\u00e1sen\u00fdch sa workshop kona\u0165 nebude.<!--more--><\/p>\n<p><strong>Letn\u00e9 machov\u00e9 dekor\u00e1cie<\/strong><\/p>\n<ul>\n<li>2. j\u00fala o 10:30<\/li>\n<li>dekorovanie na podnose zo stabilizovan\u00e9ho machu<\/li>\n<\/ul>\n<p><strong>V\u00fdroba obrazov z\u00a0gomb\u00edkov a machu<\/strong><\/p>\n<ul>\n<li>9. j\u00fala o 10:30<\/li>\n<li>tvorba obrazov z machu, l\u00e1tky a gomb\u00edkov<\/li>\n<\/ul>\n<p><strong>Pr\u00edmorsk\u00e9 dekor\u00e1cie &#8211; ZRU\u0160EN\u00c9<\/strong><\/p>\n<ul>\n<li>\u0161tvrtok 16. j\u00fala &#8211; <strong>ZRU\u0160EN\u00c9<\/strong><\/li>\n<li>dekorovanie venca, plachetnice, mu\u0161le a ryb\u00e1rskej siete<\/li>\n<\/ul>\n<p><strong>Machov\u00e9 obrazy<\/strong><\/p>\n<ul>\n<li>\u0161tvrtok 23. j\u00fala o 10:30<\/li>\n<li>v\u00fdroba obrazov z\u00a0r\u00f4znych druhov stabilizovan\u00e9ho machu<\/li>\n<\/ul>\n<p><strong>Dekorovanie starej knihy<\/strong><\/p>\n<ul>\n<li>\u0161tvrtok 30. j\u00fala \u00a0o 10:30<\/li>\n<li>kreat\u00edvne dekorovanie s\u00a0pou\u017eit\u00edm r\u00f4znych figuriek, drievka, gomb\u00edkov, kame\u0148ov, stuhy a povrazu<\/li>\n<\/ul>\n","protected":false},"excerpt":{"rendered":"<p>Ste kreat\u00edvni a chcete si vyrobi\u0165 machov\u00e9 dekor\u00e1cie zo stabilizovan\u00e9ho machu, kvetov, dreva a kame\u0148a? Pr\u00ed\u010fte sa zrelaxova\u0165 a podpori\u0165 kreativitu va\u0161ich ratolest\u00ed a vypl\u0148te im pr\u00e1zdninov\u00fd \u010das v Krajskej kni\u017enici v \u017diline. Machov\u00e9 dekor\u00e1cie budete vytv\u00e1ra\u0165 pod veden\u00edm sk\u00fasenej aran\u017e\u00e9rky Daniely Zimmerovej, ktor\u00e1 sa venuje kreat\u00edvnej tvorbe takmer cel\u00fd \u017eivot. Workshopy s\u00fa ur\u010den\u00e9 pre &#8230; <a title=\"Kreat\u00edvne workshopy &#8211; j\u00fal\" class=\"read-more\" href=\"https:\/\/www.krajskakniznicazilina.sk\/index.php\/2020\/06\/26\/kreativne-workshopy-jul\/\" aria-label=\"Pre\u010d\u00edtajte si viac o Kreat\u00edvne workshopy &#8211; j\u00fal\">\u010c\u00edta\u0165 viac<\/a><\/p>\n","protected":false},"author":1,"featured_media":0,"comment_status":"open","ping_status":"open","sticky":false,"template":"","format":"image","meta":{"footnotes":""},"categories":[20],"tags":[],"class_list":["post-5379","post","type-post","status-publish","format-image","hentry","category-workshop","post_format-post-format-image"],"_links":{"self":[{"href":"https:\/\/www.krajskakniznicazilina.sk\/index.php\/wp-json\/wp\/v2\/posts\/5379","targetHints":{"allow":["GET"]}}],"collection":[{"href":"https:\/\/www.krajskakniznicazilina.sk\/index.php\/wp-json\/wp\/v2\/posts"}],"about":[{"href":"https:\/\/www.krajskakniznicazilina.sk\/index.php\/wp-json\/wp\/v2\/types\/post"}],"author":[{"embeddable":true,"href":"https:\/\/www.krajskakniznicazilina.sk\/index.php\/wp-json\/wp\/v2\/users\/1"}],"replies":[{"embeddable":true,"href":"https:\/\/www.krajskakniznicazilina.sk\/index.php\/wp-json\/wp\/v2\/comments?post=5379"}],"version-history":[{"count":6,"href":"https:\/\/www.krajskakniznicazilina.sk\/index.php\/wp-json\/wp\/v2\/posts\/5379\/revisions"}],"predecessor-version":[{"id":5458,"href":"https:\/\/www.krajskakniznicazilina.sk\/index.php\/wp-json\/wp\/v2\/posts\/5379\/revisions\/5458"}],"wp:attachment":[{"href":"https:\/\/www.krajskakniznicazilina.sk\/index.php\/wp-json\/wp\/v2\/media?parent=5379"}],"wp:term":[{"taxonomy":"category","embeddable":true,"href":"https:\/\/www.krajskakniznicazilina.sk\/index.php\/wp-json\/wp\/v2\/categories?post=5379"},{"taxonomy":"post_tag","embeddable":true,"href":"https:\/\/www.krajskakniznicazilina.sk\/index.php\/wp-json\/wp\/v2\/tags?post=5379"}],"curies":[{"name":"wp","href":"https:\/\/api.w.org\/{rel}","templated":true}]}}