{"id":5385,"date":"2020-07-02T07:00:49","date_gmt":"2020-07-02T05:00:49","guid":{"rendered":"https:\/\/www.krajskakniznicazilina.sk\/?p=5385"},"modified":"2020-07-07T09:34:54","modified_gmt":"2020-07-07T07:34:54","slug":"machove-obrazy-zazrak-prirody","status":"publish","type":"post","link":"https:\/\/www.krajskakniznicazilina.sk\/index.php\/2020\/07\/02\/machove-obrazy-zazrak-prirody\/","title":{"rendered":"Machov\u00e9 obrazy &#8211; z\u00e1zrak pr\u00edrody"},"content":{"rendered":"<p style=\"text-align: justify;\"><a href=\"https:\/\/www.krajskakniznicazilina.sk\/clanky\/2020\/07\/mach.jpg\"><img decoding=\"async\" class=\"size-full alignleft\" src=\"https:\/\/www.krajskakniznicazilina.sk\/clanky\/2020\/07\/mach.jpg\" width=\"40%\" height=\"40%\" \/><\/a>Na pr\u00edzem\u00ed Krajskej kni\u017enice v \u017diline sa nach\u00e1dza v\u00fdstava Daniely Zimmerovej. Svoje obrazy vytv\u00e1ra pod zna\u010dkou PERIDA. Ka\u017ed\u00fd obraz je jedine\u010dn\u00fd a origin\u00e1lny. Pri v\u00fdrobe obrazov je pou\u017eit\u00fdch viac druhov machu, ale aj drevo, stabilizovan\u00e9 rastliny a in\u00fd pr\u00edrodn\u00fd materi\u00e1l, \u010di 3D logo a n\u00e1pisy vyrezan\u00e9 z dreva. V\u00fdstava bude umiestnen\u00e1 v Krajskej kni\u017enici v \u017diline do konca augusta.<\/p>\n<p>Po\u010das letn\u00fdch pr\u00e1zdnin m\u00f4\u017eete nav\u0161t\u00edvi\u0165 aj pripravovan\u00e9 workshopy Daniely Zimmerovej &#8211; <a href=\"https:\/\/www.krajskakniznicazilina.sk\/index.php\/2020\/06\/26\/kreativne-workshopy-jul\/\">Kreat\u00edvne workshopy &#8211; j\u00fal<\/a>.<\/p>\n","protected":false},"excerpt":{"rendered":"<p>Na pr\u00edzem\u00ed Krajskej kni\u017enice v \u017diline sa nach\u00e1dza v\u00fdstava Daniely Zimmerovej. Svoje obrazy vytv\u00e1ra pod zna\u010dkou PERIDA. Ka\u017ed\u00fd obraz je jedine\u010dn\u00fd a origin\u00e1lny. Pri v\u00fdrobe obrazov je pou\u017eit\u00fdch viac druhov machu, ale aj drevo, stabilizovan\u00e9 rastliny a in\u00fd pr\u00edrodn\u00fd materi\u00e1l, \u010di 3D logo a n\u00e1pisy vyrezan\u00e9 z dreva. V\u00fdstava bude umiestnen\u00e1 v Krajskej kni\u017enici v &#8230; <a title=\"Machov\u00e9 obrazy &#8211; z\u00e1zrak pr\u00edrody\" class=\"read-more\" href=\"https:\/\/www.krajskakniznicazilina.sk\/index.php\/2020\/07\/02\/machove-obrazy-zazrak-prirody\/\" aria-label=\"Pre\u010d\u00edtajte si viac o Machov\u00e9 obrazy &#8211; z\u00e1zrak pr\u00edrody\">\u010c\u00edta\u0165 viac<\/a><\/p>\n","protected":false},"author":1,"featured_media":0,"comment_status":"open","ping_status":"open","sticky":false,"template":"","format":"image","meta":{"footnotes":""},"categories":[15],"tags":[],"class_list":["post-5385","post","type-post","status-publish","format-image","hentry","category-vystava","post_format-post-format-image"],"_links":{"self":[{"href":"https:\/\/www.krajskakniznicazilina.sk\/index.php\/wp-json\/wp\/v2\/posts\/5385","targetHints":{"allow":["GET"]}}],"collection":[{"href":"https:\/\/www.krajskakniznicazilina.sk\/index.php\/wp-json\/wp\/v2\/posts"}],"about":[{"href":"https:\/\/www.krajskakniznicazilina.sk\/index.php\/wp-json\/wp\/v2\/types\/post"}],"author":[{"embeddable":true,"href":"https:\/\/www.krajskakniznicazilina.sk\/index.php\/wp-json\/wp\/v2\/users\/1"}],"replies":[{"embeddable":true,"href":"https:\/\/www.krajskakniznicazilina.sk\/index.php\/wp-json\/wp\/v2\/comments?post=5385"}],"version-history":[{"count":4,"href":"https:\/\/www.krajskakniznicazilina.sk\/index.php\/wp-json\/wp\/v2\/posts\/5385\/revisions"}],"predecessor-version":[{"id":5433,"href":"https:\/\/www.krajskakniznicazilina.sk\/index.php\/wp-json\/wp\/v2\/posts\/5385\/revisions\/5433"}],"wp:attachment":[{"href":"https:\/\/www.krajskakniznicazilina.sk\/index.php\/wp-json\/wp\/v2\/media?parent=5385"}],"wp:term":[{"taxonomy":"category","embeddable":true,"href":"https:\/\/www.krajskakniznicazilina.sk\/index.php\/wp-json\/wp\/v2\/categories?post=5385"},{"taxonomy":"post_tag","embeddable":true,"href":"https:\/\/www.krajskakniznicazilina.sk\/index.php\/wp-json\/wp\/v2\/tags?post=5385"}],"curies":[{"name":"wp","href":"https:\/\/api.w.org\/{rel}","templated":true}]}}