{"id":5413,"date":"2020-07-01T17:53:57","date_gmt":"2020-07-01T15:53:57","guid":{"rendered":"https:\/\/www.krajskakniznicazilina.sk\/?p=5413"},"modified":"2020-07-02T08:07:05","modified_gmt":"2020-07-02T06:07:05","slug":"kniznica-v-premenach-casu","status":"publish","type":"post","link":"https:\/\/www.krajskakniznicazilina.sk\/index.php\/2020\/07\/01\/kniznica-v-premenach-casu\/","title":{"rendered":"Kni\u017enica v premen\u00e1ch \u010dasu"},"content":{"rendered":"<p>Pozrite si ako sa menila na\u0161a kni\u017enica v \u010dase a ako prebiehala rekon\u0161trukcia:<\/p>\n<p><a href=\"https:\/\/www.krajskakniznicazilina.sk\/clanky\/2020\/07\/Kni%C5%BEnica%20v%20premen%C3%A1ch%20%C4%8Dasu.pdf\">Kni\u017enica v premen\u00e1ch \u010dasu<\/a><\/p>\n<p><a href=\"https:\/\/www.krajskakniznicazilina.sk\/clanky\/2020\/07\/Kni%C5%BEnica%20rekon%C5%A1trukcia.pdf\">Kni\u017enica &#8211; priebeh rekon\u0161trukcie<\/a><\/p>\n","protected":false},"excerpt":{"rendered":"<p>Pozrite si ako sa menila na\u0161a kni\u017enica v \u010dase a ako prebiehala rekon\u0161trukcia: Kni\u017enica v premen\u00e1ch \u010dasu Kni\u017enica &#8211; priebeh rekon\u0161trukcie<\/p>\n","protected":false},"author":1,"featured_media":0,"comment_status":"open","ping_status":"open","sticky":false,"template":"","format":"image","meta":{"footnotes":""},"categories":[1],"tags":[],"class_list":["post-5413","post","type-post","status-publish","format-image","hentry","category-oznam","post_format-post-format-image"],"_links":{"self":[{"href":"https:\/\/www.krajskakniznicazilina.sk\/index.php\/wp-json\/wp\/v2\/posts\/5413","targetHints":{"allow":["GET"]}}],"collection":[{"href":"https:\/\/www.krajskakniznicazilina.sk\/index.php\/wp-json\/wp\/v2\/posts"}],"about":[{"href":"https:\/\/www.krajskakniznicazilina.sk\/index.php\/wp-json\/wp\/v2\/types\/post"}],"author":[{"embeddable":true,"href":"https:\/\/www.krajskakniznicazilina.sk\/index.php\/wp-json\/wp\/v2\/users\/1"}],"replies":[{"embeddable":true,"href":"https:\/\/www.krajskakniznicazilina.sk\/index.php\/wp-json\/wp\/v2\/comments?post=5413"}],"version-history":[{"count":3,"href":"https:\/\/www.krajskakniznicazilina.sk\/index.php\/wp-json\/wp\/v2\/posts\/5413\/revisions"}],"predecessor-version":[{"id":5416,"href":"https:\/\/www.krajskakniznicazilina.sk\/index.php\/wp-json\/wp\/v2\/posts\/5413\/revisions\/5416"}],"wp:attachment":[{"href":"https:\/\/www.krajskakniznicazilina.sk\/index.php\/wp-json\/wp\/v2\/media?parent=5413"}],"wp:term":[{"taxonomy":"category","embeddable":true,"href":"https:\/\/www.krajskakniznicazilina.sk\/index.php\/wp-json\/wp\/v2\/categories?post=5413"},{"taxonomy":"post_tag","embeddable":true,"href":"https:\/\/www.krajskakniznicazilina.sk\/index.php\/wp-json\/wp\/v2\/tags?post=5413"}],"curies":[{"name":"wp","href":"https:\/\/api.w.org\/{rel}","templated":true}]}}