{"id":5421,"date":"2020-07-08T07:41:46","date_gmt":"2020-07-08T05:41:46","guid":{"rendered":"https:\/\/www.krajskakniznicazilina.sk\/?p=5421"},"modified":"2020-07-14T07:38:39","modified_gmt":"2020-07-14T05:38:39","slug":"digitalna-malba-ap","status":"publish","type":"post","link":"https:\/\/www.krajskakniznicazilina.sk\/index.php\/2020\/07\/08\/digitalna-malba-ap\/","title":{"rendered":"Digit\u00e1lna ma\u013eba v Adobe Photoshop &#8211; za\u010diato\u010dn\u00edci"},"content":{"rendered":"<p style=\"text-align: justify;\"><a href=\"https:\/\/www.krajskakniznicazilina.sk\/clanky\/2020\/07\/dig%20ma%C4%BEba.JPG\"><img decoding=\"async\" class=\"alignright\" src=\"https:\/\/www.krajskakniznicazilina.sk\/clanky\/2020\/07\/dig%20ma%C4%BEba.JPG\" alt=\"\" width=\"40%\" height=\"40%\" \/><\/a>Workshop digit\u00e1lnej ma\u013eby v celosvetovo ob\u013e\u00fabenom programe Adobe Photoshop. Dozvie\u0161 sa, ako sa d\u00e1 ma\u013eova\u0165 len s po\u010d\u00edta\u010dovou my\u0161ou a ak\u00e9 n\u00e1stroje Photoshop pon\u00faka. Po\u010das workshopu vytvor\u00ed\u0161 digit\u00e1lny portr\u00e9t a z\u00edska\u0161 praktick\u00e9 rady t\u00fdkaj\u00face sa pou\u017eitia grafick\u00fdch d\u00e1t pre tla\u010d alebo m\u00e9di\u00e1.<\/p>\n<p>Lektorom bude <b>Mgr. Mari\u00e1n Rudinec<\/b>\u00a0\u2013 dizajn\u00e9r a soch\u00e1r, nad\u0161enec pre nov\u00e9 technol\u00f3gie, ktor\u00fd pri svojej tvorbe akt\u00edvne vyu\u017e\u00edva 2D a 3D modelovanie ako aj 3D tla\u010d.<\/p>\n<p style=\"text-align: justify;\"><b>KEDY?\u00a0<\/b>15.7. 2020 od\u00a016:00 do 19:00<br \/>\n<b>KDE?\u00a0<\/b>Krajsk\u00e1 kni\u017enica v \u017diline, A. Bernol\u00e1ka 47,\u00a0011 77 \u00a0\u017dilina<\/p>\n<p style=\"text-align: justify;\"><b>NEZABUDNITE SI PRINIES\u0164<\/b><\/p>\n<ul style=\"text-align: justify;\">\n<li>vlastn\u00fd nabit\u00fd notebook s my\u0161kou<\/li>\n<li>nain\u0161talovan\u00fd program Adobe Photoshop alebo jeho trial verziu na 7 dn\u00ed:\u00a0<a href=\"https:\/\/adobe.ly\/355fads\">https:\/\/adobe.ly\/355fads<\/a><\/li>\n<\/ul>\n<p style=\"text-align: justify;\"><b>Registrujte sa cez \u017diados\u0165 o \u00fa\u010das\u0165 na podujat\u00ed: <\/b><a href=\"https:\/\/www.npc.sk\/sk\/events\/digitalna-malba-v-adobe-photoshop-zaciatocnici\/\">https:\/\/www.npc.sk\/sk\/events\/digitalna-malba-v-adobe-photoshop-zaciatocnici\/<\/a> Ukon\u010denie registr\u00e1cie: 13.7.2020 do 16:00.\u00a0\u00da\u010das\u0165 je bezplatn\u00e1, po\u010det \u00fa\u010dastn\u00edkov je obmedzen\u00fd.<\/p>\n<p style=\"text-align: justify;\"><b>PODMIENKY<\/b>, \u00fa\u010dastn\u00edk mus\u00ed by\u0165:<!--more--><\/p>\n<p style=\"text-align: justify;\"><b>fyzick\u00e1 osoba \u2013 nepodnikate\u013e<\/b>\u00a0s trval\u00fdm pobytom na \u00fazem\u00ed v niektorom zo 7 samospr\u00e1vnych krajov Slovenska, okrem Bratislavsk\u00e9ho samospr\u00e1vneho kraja. V\u00fdnimku tvoria \u0161tudenti s trval\u00fdm pobytom na \u00fazem\u00ed BSK, ktor\u00ed sa preuk\u00e1\u017eu platn\u00fdm potvrden\u00edm o dennom \u0161t\u00fadiu na niektorej z univerz\u00edt (vysok\u00fdch \u0161k\u00f4l), stredn\u00fdch \u0161k\u00f4l, s\u00eddliacich a p\u00f4sobiacich na \u00fazem\u00ed v niektorom zo 7 samospr\u00e1vnych krajov alebo cudz\u00ed \u0161t\u00e1tni pr\u00edslu\u0161n\u00edci, ktor\u00ed sa preuk\u00e1\u017eu potvrden\u00edm\/z\u00e1znamom o prechodnom pobyte na \u00fazem\u00ed Slovenska (okrem BSK).<\/p>\n<p style=\"text-align: justify;\"><b>pr\u00e1vnick\u00e1 osoba alebo fyzick\u00e1 osoba<\/b>, ktor\u00e1 je podnikate\u013eom v zmysle ustanovenia \u00a7 2 ods. 2 p\u00edsm. a), b), c) z\u00e1kona \u010d. 513\/1991 Zb. Obchodn\u00fd z\u00e1konn\u00edk v znen\u00ed neskor\u0161\u00edch predpisov, zalo\u017eenou a existuj\u00facou pod\u013ea pr\u00e1va Slovenskej republiky<\/p>\n<ul>\n<li style=\"text-align: justify;\">sp\u013a\u0148a defin\u00edciu mal\u00e9ho a stredn\u00e9ho podniku;<\/li>\n<li style=\"text-align: justify;\">m\u00e1 s\u00eddlo v jednom zo 7 samospr\u00e1vnych krajov Slovenska s v\u00fdnimkou Bratislavsk\u00e9ho samospr\u00e1vneho kraja;<\/li>\n<li style=\"text-align: justify;\">v momente podania \u017eiadosti o \u00fa\u010das\u0165 v Creative Pointe podnik\u00e1 menej ako 3 roky od d\u00e1tumu registr\u00e1cie, napr. do Obchodn\u00e9ho registra SR, \u017divnostensk\u00e9ho registra SR, respekt\u00edve in\u00e9ho samostatn\u00e9ho registra, ktor\u00fd opr\u00e1v\u0148uje na podnikanie;<\/li>\n<li style=\"text-align: justify;\">je podnikom pod\u013ea \u010dl\u00e1nku 107 ods. 1 Zmluvy o fungovan\u00ed E\u00da, pri\u010dom podnikom v zmysle uveden\u00e9ho je ka\u017ed\u00fd subjekt vykon\u00e1vaj\u00faci hospod\u00e1rsku \u010dinnos\u0165 bez oh\u013eadu na svoje pr\u00e1vne postavenie a sp\u00f4sob financovania;<\/li>\n<li style=\"text-align: justify;\">za jeden podnikate\u013esk\u00fd subjekt m\u00f4\u017eu by\u0165 prihl\u00e1sen\u00e9 a z\u00fa\u010dastni\u0165 sa podujatia a\u017e tri osoby, ktor\u00fdch men\u00e1 sa uved\u00fa v prihl\u00e1\u0161ke (\u017eiadosti).<\/li>\n<\/ul>\n<p style=\"text-align: justify;\">\u00a0Ponuky a v\u00fdzvy s\u00fa zverej\u0148ovan\u00e9 na web str\u00e1nkach <a href=\"http:\/\/www.npc.sk\/\">www.npc.sk<\/a>\u00a0a\u00a0<a href=\"http:\/\/www.sbagency.sk\/\">www.sbagency.sk<\/a>.<\/p>\n","protected":false},"excerpt":{"rendered":"<p>Workshop digit\u00e1lnej ma\u013eby v celosvetovo ob\u013e\u00fabenom programe Adobe Photoshop. Dozvie\u0161 sa, ako sa d\u00e1 ma\u013eova\u0165 len s po\u010d\u00edta\u010dovou my\u0161ou a ak\u00e9 n\u00e1stroje Photoshop pon\u00faka. Po\u010das workshopu vytvor\u00ed\u0161 digit\u00e1lny portr\u00e9t a z\u00edska\u0161 praktick\u00e9 rady t\u00fdkaj\u00face sa pou\u017eitia grafick\u00fdch d\u00e1t pre tla\u010d alebo m\u00e9di\u00e1. Lektorom bude Mgr. Mari\u00e1n Rudinec\u00a0\u2013 dizajn\u00e9r a soch\u00e1r, nad\u0161enec pre nov\u00e9 technol\u00f3gie, ktor\u00fd &#8230; <a title=\"Digit\u00e1lna ma\u013eba v Adobe Photoshop &#8211; za\u010diato\u010dn\u00edci\" class=\"read-more\" href=\"https:\/\/www.krajskakniznicazilina.sk\/index.php\/2020\/07\/08\/digitalna-malba-ap\/\" aria-label=\"Pre\u010d\u00edtajte si viac o Digit\u00e1lna ma\u013eba v Adobe Photoshop &#8211; za\u010diato\u010dn\u00edci\">\u010c\u00edta\u0165 viac<\/a><\/p>\n","protected":false},"author":1,"featured_media":0,"comment_status":"open","ping_status":"open","sticky":false,"template":"","format":"image","meta":{"footnotes":""},"categories":[12,20],"tags":[],"class_list":["post-5421","post","type-post","status-publish","format-image","hentry","category-podujatie","category-workshop","post_format-post-format-image"],"_links":{"self":[{"href":"https:\/\/www.krajskakniznicazilina.sk\/index.php\/wp-json\/wp\/v2\/posts\/5421","targetHints":{"allow":["GET"]}}],"collection":[{"href":"https:\/\/www.krajskakniznicazilina.sk\/index.php\/wp-json\/wp\/v2\/posts"}],"about":[{"href":"https:\/\/www.krajskakniznicazilina.sk\/index.php\/wp-json\/wp\/v2\/types\/post"}],"author":[{"embeddable":true,"href":"https:\/\/www.krajskakniznicazilina.sk\/index.php\/wp-json\/wp\/v2\/users\/1"}],"replies":[{"embeddable":true,"href":"https:\/\/www.krajskakniznicazilina.sk\/index.php\/wp-json\/wp\/v2\/comments?post=5421"}],"version-history":[{"count":4,"href":"https:\/\/www.krajskakniznicazilina.sk\/index.php\/wp-json\/wp\/v2\/posts\/5421\/revisions"}],"predecessor-version":[{"id":5455,"href":"https:\/\/www.krajskakniznicazilina.sk\/index.php\/wp-json\/wp\/v2\/posts\/5421\/revisions\/5455"}],"wp:attachment":[{"href":"https:\/\/www.krajskakniznicazilina.sk\/index.php\/wp-json\/wp\/v2\/media?parent=5421"}],"wp:term":[{"taxonomy":"category","embeddable":true,"href":"https:\/\/www.krajskakniznicazilina.sk\/index.php\/wp-json\/wp\/v2\/categories?post=5421"},{"taxonomy":"post_tag","embeddable":true,"href":"https:\/\/www.krajskakniznicazilina.sk\/index.php\/wp-json\/wp\/v2\/tags?post=5421"}],"curies":[{"name":"wp","href":"https:\/\/api.w.org\/{rel}","templated":true}]}}