{"id":5724,"date":"2020-09-14T10:16:35","date_gmt":"2020-09-14T08:16:35","guid":{"rendered":"https:\/\/www.krajskakniznicazilina.sk\/?p=5724"},"modified":"2020-09-09T13:13:27","modified_gmt":"2020-09-09T11:13:27","slug":"vecerny-tvorivy-klub-kresba","status":"publish","type":"post","link":"https:\/\/www.krajskakniznicazilina.sk\/index.php\/2020\/09\/14\/vecerny-tvorivy-klub-kresba\/","title":{"rendered":"Ve\u010dern\u00fd tvoriv\u00fd klub &#8211; kresba"},"content":{"rendered":"<p style=\"text-align: justify;\"><a href=\"https:\/\/www.krajskakniznicazilina.sk\/clanky\/2020\/09\/ve%C4%8Dern%C3%BD%20tk.jpg\"><img decoding=\"async\" class=\"alignright size-full\" src=\"https:\/\/www.krajskakniznicazilina.sk\/clanky\/2020\/09\/ve%C4%8Dern%C3%BD%20tk.jpg\" width=\"40%\" height=\"40%\" \/><\/a>Ste kreat\u00edvni a radi tvor\u00edte? Ak \u00e1no, ste srde\u010dne pozvan\u00ed do Krajskej kni\u017enice v\u00a0\u017diline. Nakresl\u00edme si jesenn\u00fa krajinu. Pri kresbe pou\u017eijeme ceruzku, pastelky a akvarelov\u00e9 ceruzky. Stretneme sa v\u00a0stredu <strong>23. septembra o 17:00<\/strong>. <strong>Poplatok<\/strong> za materi\u00e1l je 2 \u20ac\/jednor\u00e1zov\u00fd poplatok alebo 15 \u20ac\/za polrok (poplatok plat\u00ed na \u00fa\u010das\u0165 na v\u0161etky Tvoriv\u00e9 kluby a plat\u00ed a\u017e do konca decembra 2020).<\/p>\n","protected":false},"excerpt":{"rendered":"<p>Ste kreat\u00edvni a radi tvor\u00edte? Ak \u00e1no, ste srde\u010dne pozvan\u00ed do Krajskej kni\u017enice v\u00a0\u017diline. Nakresl\u00edme si jesenn\u00fa krajinu. Pri kresbe pou\u017eijeme ceruzku, pastelky a akvarelov\u00e9 ceruzky. Stretneme sa v\u00a0stredu 23. septembra o 17:00. Poplatok za materi\u00e1l je 2 \u20ac\/jednor\u00e1zov\u00fd poplatok alebo 15 \u20ac\/za polrok (poplatok plat\u00ed na \u00fa\u010das\u0165 na v\u0161etky Tvoriv\u00e9 kluby a plat\u00ed a\u017e &#8230; <a title=\"Ve\u010dern\u00fd tvoriv\u00fd klub &#8211; kresba\" class=\"read-more\" href=\"https:\/\/www.krajskakniznicazilina.sk\/index.php\/2020\/09\/14\/vecerny-tvorivy-klub-kresba\/\" aria-label=\"Pre\u010d\u00edtajte si viac o Ve\u010dern\u00fd tvoriv\u00fd klub &#8211; kresba\">\u010c\u00edta\u0165 viac<\/a><\/p>\n","protected":false},"author":1,"featured_media":0,"comment_status":"open","ping_status":"open","sticky":false,"template":"","format":"image","meta":{"footnotes":""},"categories":[23,37],"tags":[],"class_list":["post-5724","post","type-post","status-publish","format-image","hentry","category-klub","category-tvorivy-klub","post_format-post-format-image"],"_links":{"self":[{"href":"https:\/\/www.krajskakniznicazilina.sk\/index.php\/wp-json\/wp\/v2\/posts\/5724","targetHints":{"allow":["GET"]}}],"collection":[{"href":"https:\/\/www.krajskakniznicazilina.sk\/index.php\/wp-json\/wp\/v2\/posts"}],"about":[{"href":"https:\/\/www.krajskakniznicazilina.sk\/index.php\/wp-json\/wp\/v2\/types\/post"}],"author":[{"embeddable":true,"href":"https:\/\/www.krajskakniznicazilina.sk\/index.php\/wp-json\/wp\/v2\/users\/1"}],"replies":[{"embeddable":true,"href":"https:\/\/www.krajskakniznicazilina.sk\/index.php\/wp-json\/wp\/v2\/comments?post=5724"}],"version-history":[{"count":4,"href":"https:\/\/www.krajskakniznicazilina.sk\/index.php\/wp-json\/wp\/v2\/posts\/5724\/revisions"}],"predecessor-version":[{"id":5754,"href":"https:\/\/www.krajskakniznicazilina.sk\/index.php\/wp-json\/wp\/v2\/posts\/5724\/revisions\/5754"}],"wp:attachment":[{"href":"https:\/\/www.krajskakniznicazilina.sk\/index.php\/wp-json\/wp\/v2\/media?parent=5724"}],"wp:term":[{"taxonomy":"category","embeddable":true,"href":"https:\/\/www.krajskakniznicazilina.sk\/index.php\/wp-json\/wp\/v2\/categories?post=5724"},{"taxonomy":"post_tag","embeddable":true,"href":"https:\/\/www.krajskakniznicazilina.sk\/index.php\/wp-json\/wp\/v2\/tags?post=5724"}],"curies":[{"name":"wp","href":"https:\/\/api.w.org\/{rel}","templated":true}]}}