{"id":5728,"date":"2020-09-16T11:13:42","date_gmt":"2020-09-16T09:13:42","guid":{"rendered":"https:\/\/www.krajskakniznicazilina.sk\/?p=5728"},"modified":"2020-09-09T13:14:46","modified_gmt":"2020-09-09T11:14:46","slug":"zauzli-si-svoj-sperk","status":"publish","type":"post","link":"https:\/\/www.krajskakniznicazilina.sk\/index.php\/2020\/09\/16\/zauzli-si-svoj-sperk\/","title":{"rendered":"Zauzli si svoj \u0161perk"},"content":{"rendered":"<p style=\"text-align: justify;\"><a href=\"https:\/\/www.krajskakniznicazilina.sk\/clanky\/2020\/09\/23_9_sperk.jpg\"><img decoding=\"async\" class=\"alignright size-full\" src=\"https:\/\/www.krajskakniznicazilina.sk\/clanky\/2020\/09\/23_9_sperk.jpg\" width=\"40%\" height=\"40%\" \/><\/a>Objavuj s nami \u010daro ru\u010dnej pr\u00e1ce a pr\u00ed\u010f sa nau\u010di\u0165, ako postupova\u0165 pri tvorbe \u0161perkov zo sat\u00e9novej \u0161n\u00fary. A to m\u00f4\u017ee by\u0165 in\u0161pir\u00e1ciou pre podnikanie. Pod veden\u00edm sk\u00fasenej lektorky si na workshope vlastnoru\u010dne vyrob\u00ed\u0161 \u0161perky, ktor\u00fdmi si m\u00f4\u017ee\u0161 dotvori\u0165 outfit alebo nimi obdaruje\u0161 bl\u00edzkych.<\/p>\n<p style=\"text-align: justify;\">Lektorkou bude <b>Ing. Katar\u00edna Jani\u010dinov\u00e1\u00a0<\/b>\u2013 sa venuje handmade tvorbe, v\u00fdrobe \u0161perkov a bi\u017eut\u00e9rie 10 rokov, pri\u010dom pou\u017e\u00edva r\u00f4zne techniky. Venuje sa c\u00ednovaniu \u0161perkov a dekor\u00e1ci\u00ed z miner\u00e1lov. V jej tvorbe n\u00e1jdete aj dr\u00f4tikovanie, recykl\u00e1ciu, decoupage, kor\u00e1liky a falo\u0161n\u00fd patchwork na polystyr\u00e9ne. Bola pravidelnou prispievate\u013ekou do \u010dasopisu \u201e\u0160perkovanie a in\u00e9 tvorenie\u201c.<\/p>\n<p style=\"text-align: justify;\"><b>KEDY?\u00a0<\/b>23.9. 2020,\u00a016:00 &#8211; 19:00<br \/>\n<b>KDE?\u00a0<\/b>Krajsk\u00e1 kni\u017enica v \u017diline,\u00a0A.Bernol\u00e1ka 47,\u00a0011 77 \u00a0\u017dilina<\/p>\n<p style=\"text-align: justify;\"><b>NEZABUDNITE SI PRINIES\u0164<\/b><\/p>\n<ul style=\"text-align: justify;\">\n<li>tvorivos\u0165<\/li>\n<li>pr\u00edjemn\u00fa n\u00e1ladu a akt\u00edvny pr\u00edstup<\/li>\n<li><b>Registrujte sa cez \u017diados\u0165 o \u00fa\u010das\u0165 na podujat\u00ed: <\/b><a href=\"https:\/\/www.npc.sk\/sk\/events\/zauzli-si-svoj-sperk\/\">https:\/\/www.npc.sk\/sk\/events\/zauzli-si-svoj-sperk\/<\/a> Ukon\u010denie registr\u00e1cie: 21. 9. 2020 do 16:00. \u00da\u010das\u0165 je bezplatn\u00e1, po\u010det \u00fa\u010dastn\u00edkov obmedzen\u00fd.<\/li>\n<\/ul>\n<p style=\"text-align: justify;\"><b>PODMIENKY<\/b>, \u00fa\u010dastn\u00edk mus\u00ed by\u0165:<!--more--><\/p>\n<p style=\"text-align: justify;\"><b>fyzick\u00e1 osoba \u2013 nepodnikate\u013e<\/b>\u00a0s trval\u00fdm pobytom na \u00fazem\u00ed v niektorom zo 7 samospr\u00e1vnych krajov Slovenska, okrem Bratislavsk\u00e9ho samospr\u00e1vneho kraja. V\u00fdnimku tvoria \u0161tudenti s trval\u00fdm pobytom na \u00fazem\u00ed BSK, ktor\u00ed sa preuk\u00e1\u017eu platn\u00fdm potvrden\u00edm o dennom \u0161t\u00fadiu na niektorej z univerz\u00edt (vysok\u00fdch \u0161k\u00f4l), stredn\u00fdch \u0161k\u00f4l, s\u00eddliacich a p\u00f4sobiacich na \u00fazem\u00ed v niektorom zo 7 samospr\u00e1vnych krajov alebo cudz\u00ed \u0161t\u00e1tni pr\u00edslu\u0161n\u00edci, ktor\u00ed sa preuk\u00e1\u017eu potvrden\u00edm\/z\u00e1znamom o prechodnom pobyte na \u00fazem\u00ed Slovenska (okrem BSK).<\/p>\n<p style=\"text-align: justify;\"><b>pr\u00e1vnick\u00e1 osoba alebo fyzick\u00e1 osoba<\/b>, ktor\u00e1 je podnikate\u013eom v zmysle ustanovenia \u00a7 2 ods. 2 p\u00edsm. a), b), c) z\u00e1kona \u010d. 513\/1991 Zb. Obchodn\u00fd z\u00e1konn\u00edk v znen\u00ed neskor\u0161\u00edch predpisov, zalo\u017eenou a existuj\u00facou pod\u013ea pr\u00e1va Slovenskej republiky<\/p>\n<ul style=\"text-align: justify;\">\n<li>sp\u013a\u0148a defin\u00edciu mal\u00e9ho a stredn\u00e9ho podniku;<\/li>\n<li>m\u00e1 s\u00eddlo v jednom zo 7 samospr\u00e1vnych krajov Slovenska s v\u00fdnimkou Bratislavsk\u00e9ho samospr\u00e1vneho kraja;<\/li>\n<li>v momente podania \u017eiadosti o \u00fa\u010das\u0165 v Creative Pointe podnik\u00e1 menej ako 3 roky od d\u00e1tumu registr\u00e1cie, napr. do Obchodn\u00e9ho registra SR, \u017divnostensk\u00e9ho registra SR, respekt\u00edve in\u00e9ho samostatn\u00e9ho registra, ktor\u00fd opr\u00e1v\u0148uje na podnikanie;<\/li>\n<li>je podnikom pod\u013ea \u010dl\u00e1nku 107 ods. 1 Zmluvy o fungovan\u00ed E\u00da, pri\u010dom podnikom v zmysle uveden\u00e9ho je ka\u017ed\u00fd subjekt vykon\u00e1vaj\u00faci hospod\u00e1rsku \u010dinnos\u0165 bez oh\u013eadu na svoje pr\u00e1vne postavenie a sp\u00f4sob financovania;<\/li>\n<li>za jeden podnikate\u013esk\u00fd subjekt m\u00f4\u017eu by\u0165 prihl\u00e1sen\u00e9 a z\u00fa\u010dastni\u0165 sa podujatia a\u017e tri osoby, ktor\u00fdch men\u00e1 sa uved\u00fa v prihl\u00e1\u0161ke (\u017eiadosti).<\/li>\n<\/ul>\n<p style=\"text-align: justify;\">Podujatia n\u00e1jdete na:\u00a0<a href=\"http:\/\/www.npc.sk\/\">www.npc.sk<\/a>\u00a0v sekcii Slu\u017eby\/Workshopy a semin\u00e1re.<\/p>\n","protected":false},"excerpt":{"rendered":"<p>Objavuj s nami \u010daro ru\u010dnej pr\u00e1ce a pr\u00ed\u010f sa nau\u010di\u0165, ako postupova\u0165 pri tvorbe \u0161perkov zo sat\u00e9novej \u0161n\u00fary. A to m\u00f4\u017ee by\u0165 in\u0161pir\u00e1ciou pre podnikanie. Pod veden\u00edm sk\u00fasenej lektorky si na workshope vlastnoru\u010dne vyrob\u00ed\u0161 \u0161perky, ktor\u00fdmi si m\u00f4\u017ee\u0161 dotvori\u0165 outfit alebo nimi obdaruje\u0161 bl\u00edzkych. Lektorkou bude Ing. Katar\u00edna Jani\u010dinov\u00e1\u00a0\u2013 sa venuje handmade tvorbe, v\u00fdrobe \u0161perkov &#8230; <a title=\"Zauzli si svoj \u0161perk\" class=\"read-more\" href=\"https:\/\/www.krajskakniznicazilina.sk\/index.php\/2020\/09\/16\/zauzli-si-svoj-sperk\/\" aria-label=\"Pre\u010d\u00edtajte si viac o Zauzli si svoj \u0161perk\">\u010c\u00edta\u0165 viac<\/a><\/p>\n","protected":false},"author":1,"featured_media":0,"comment_status":"open","ping_status":"open","sticky":false,"template":"","format":"image","meta":{"footnotes":""},"categories":[12,20],"tags":[],"class_list":["post-5728","post","type-post","status-publish","format-image","hentry","category-podujatie","category-workshop","post_format-post-format-image"],"_links":{"self":[{"href":"https:\/\/www.krajskakniznicazilina.sk\/index.php\/wp-json\/wp\/v2\/posts\/5728","targetHints":{"allow":["GET"]}}],"collection":[{"href":"https:\/\/www.krajskakniznicazilina.sk\/index.php\/wp-json\/wp\/v2\/posts"}],"about":[{"href":"https:\/\/www.krajskakniznicazilina.sk\/index.php\/wp-json\/wp\/v2\/types\/post"}],"author":[{"embeddable":true,"href":"https:\/\/www.krajskakniznicazilina.sk\/index.php\/wp-json\/wp\/v2\/users\/1"}],"replies":[{"embeddable":true,"href":"https:\/\/www.krajskakniznicazilina.sk\/index.php\/wp-json\/wp\/v2\/comments?post=5728"}],"version-history":[{"count":4,"href":"https:\/\/www.krajskakniznicazilina.sk\/index.php\/wp-json\/wp\/v2\/posts\/5728\/revisions"}],"predecessor-version":[{"id":5756,"href":"https:\/\/www.krajskakniznicazilina.sk\/index.php\/wp-json\/wp\/v2\/posts\/5728\/revisions\/5756"}],"wp:attachment":[{"href":"https:\/\/www.krajskakniznicazilina.sk\/index.php\/wp-json\/wp\/v2\/media?parent=5728"}],"wp:term":[{"taxonomy":"category","embeddable":true,"href":"https:\/\/www.krajskakniznicazilina.sk\/index.php\/wp-json\/wp\/v2\/categories?post=5728"},{"taxonomy":"post_tag","embeddable":true,"href":"https:\/\/www.krajskakniznicazilina.sk\/index.php\/wp-json\/wp\/v2\/tags?post=5728"}],"curies":[{"name":"wp","href":"https:\/\/api.w.org\/{rel}","templated":true}]}}